{"id":1931,"date":"2024-11-27T16:23:39","date_gmt":"2024-11-27T15:23:39","guid":{"rendered":"https:\/\/lbs.se\/nykoping\/?post_type=article&#038;p=1931"},"modified":"2024-12-16T16:40:51","modified_gmt":"2024-12-16T15:40:51","slug":"lbs-nykoping-reser-till-milano-okt-2024","status":"publish","type":"article","link":"https:\/\/lbs.se\/nykoping\/news\/lbs-nykoping-reser-till-milano-okt-2024\/","title":{"rendered":"LBS Nyk\u00f6ping reser till Milano Okt 2024"},"content":{"rendered":"\n<div class=\"wp-block-group is-style-narrow is-layout-flow wp-block-group-is-layout-flow\">\t<div\n\t\t class=\"module_wrapper container-fluid images-module\" >\n\t\t<div class=\"row\">\n\t\t\t<div\n\t\t\t\t\tclass=\"col-12 m-0 p-0 position-relative images_module__slideshow images_module__slideshow-container module-expand \">\n\n\t\t\t\t<div class=\"images_module__slide \" data-slide=\"\"\n\t\t\t\t\t data-duration=\"\"><\/div>\n\t\t\t\t\t\t\t\t\t<div\n\t\t\t\t\t\t class=\"images_module__slides \">\n\n\n\t\t\t\t\t\t<div class=\"images__wrapper\"\n\t\t\t\t\t\t\t style=\"aspect-ratio: 851 \/ 531;\">\n\t\t\t\t\t\t\t<img decoding=\"async\" width=\"1280\" height=\"960\" src=\"https:\/\/lbs.se\/wp-content\/uploads\/sites\/19\/2024\/11\/01.jpeg\" class=\"images__image_ratio  \" alt=\"Elever framf\u00f6r en stor byggnad i Milano\" style=\"aspect-ratio: 851 \/ 531;object-position: center bottom;\" srcset=\"https:\/\/lbs.se\/wp-content\/uploads\/sites\/19\/2024\/11\/01.jpeg 1280w, https:\/\/lbs.se\/wp-content\/uploads\/sites\/19\/2024\/11\/01-300x225.jpeg 300w, https:\/\/lbs.se\/wp-content\/uploads\/sites\/19\/2024\/11\/01-400x300.jpeg 400w, https:\/\/lbs.se\/wp-content\/uploads\/sites\/19\/2024\/11\/01-600x450.jpeg 600w, https:\/\/lbs.se\/wp-content\/uploads\/sites\/19\/2024\/11\/01-800x600.jpeg 800w, https:\/\/lbs.se\/wp-content\/uploads\/sites\/19\/2024\/11\/01-1024x768.jpeg 1024w, https:\/\/lbs.se\/wp-content\/uploads\/sites\/19\/2024\/11\/01-1200x900.jpeg 1200w, https:\/\/lbs.se\/wp-content\/uploads\/sites\/19\/2024\/11\/01-768x576.jpeg 768w\" sizes=\"(max-width: 1280px) 100vw, 1280px\" \/>\t\t\t\t\t\t<\/div>\n\n\t\t\t\t\t\t\n\t\t\t\t\t\t\t\t\t\t\t<\/div>\n\t\t\t\t\n\t\t\t\t<div class=\"images_module__container_dot \">\n\t\t\t\t\t<div style=\"text-align:center\">\n\t\t\t\t\t\t\t\t\t\t\t\t\t<span   data-i=\"0\"\n\t\t\t\t\t\t\t\t  class=\"images_module__dot\n\t\t\t\t\t\t\t\t\t\t\t\t\t  \"><\/span>\n\t\t\t\t\t\t\t\t\t\t\t<\/div>\n\t\t\t\t<\/div>\n\n\t\t\t<\/div>\n\t\t<\/div>\n\t<\/div>\n\n\n\t\n\n\n<script>\n\tvar images_display_descriptive_text = \"\";\n<\/script>\n\n\n\n<style type=\"text\/css\">\n\t.post-meta {margin-bottom:15px;}@media (max-width: 767.98px) {.post-meta {margin-bottom:15px;}}<\/style>\n\n<div    class=\"post-meta site__subheading-9\">\n\t\t\t<span   class=\"post-meta__item post-meta__item--pubdate\"><time datetime=\"2024-11-27T16:23:39+01:00\" itemprop=\"datePublished\"> 27 november 2024<\/time><\/span>\n\t\n\t\n\t\n\t\t\t<span   class=\"post-meta__item post-meta__item--category\">\n\t\t\t Nyheter\t\t<\/span>\n\t\n\t<\/div>\n\n\n\n<h1 class=\"wp-block-heading\">Kreativitet i fokus: LBS i Milano<\/h1>\n\n\n\n<p   class=\"site__ingress container text-left  site__text-color--dark  site__free_text--ingress p-0\">\n\tI oktober fick 15 elever och tv\u00e5 l\u00e4rare fr\u00e5n LBS Nyk\u00f6ping chansen att resa till Milano som en del av ett Erasmus+ projekt. Resan kombinerade kulturell utforskning och kreativ inspiration, vilket l\u00e4mnade of\u00f6rgl\u00f6mliga minnen hos b\u00e5de eleverna och l\u00e4rarna.<\/p>\n\n\n\n\n\n<p>Under fem dagar bes\u00f6kte elever fr\u00e5n programmen Foto &amp; Film, Grafisk Design och Musikproduktion Milano, en stad som f\u00f6r samman historia och modernitet. Resan arrangerades f\u00f6r att ge eleverna insyn i internationella samarbeten och en m\u00f6jlighet att v\u00e4xa, b\u00e5de personligt och akademiskt. En av l\u00e4rarna som deltog p\u00e5 resan, Fredrik, beskrev resan som en chans f\u00f6r eleverna att uppleva skillnader och likheter mellan svenska och italienska skolor \u2013 och att uppt\u00e4cka sina egna f\u00f6rm\u00e5gor i en helt ny milj\u00f6.<\/p>\n\n\n\n<h2 class=\"wp-block-heading\">Kulturella och kreativa h\u00f6jdpunkter<\/h2>\n\n\n\n<p>Eleverna bes\u00f6kte bland annat universitetet NABA, d\u00e4r de fick en inblick i hur italienska studenter arbetar med multimedia och design. Utflykten till Lake Como blev en annan minnesv\u00e4rd plats med sina vykortsliknande vyer. Vid Lake Como deltog eleverna i kreativa workshops som str\u00e4ckte sig fr\u00e5n fotografering och m\u00e5lning till inspelning av musikvideor. &#8221;Att arbeta i en milj\u00f6 som \u00e4r s\u00e5 annorlunda fr\u00e5n den vi har hemma \u00f6ppnade upp helt nya m\u00f6jligheter f\u00f6r mig som fotograf,&#8221; ber\u00e4ttar Felix, elev p\u00e5 Foto &amp; Film-programmet.<\/p>\n\n\n\n<p>Katedralen Duomo di Milano, Blossom (strategisk kommunikationsbyr\u00e5) och de italienska gymansieskolorna gav ocks\u00e5 starka intryck. &#8221;Min upplevelse \u00e4r att eleverna tycker det \u00e4r v\u00e4ldigt intressant att se vilka f\u00f6ruts\u00e4ttningar de italienska eleverna har att jobba med sina inriktningar eftersom de skiljer sig v\u00e4ldigt mycket mot de f\u00f6ruts\u00e4ttningarna som vi har,&#8221; s\u00e4ger l\u00e4rare Fredrik. Eleverna fr\u00e5n resan ber\u00e4ttar i efterhand hur de b\u00e5de f\u00e5tt nya perspektiv p\u00e5 sin utbildning men \u00e4ven blivit inspirerade till att studera vidare -oavsett om det blir i Sverige eller utomlands!<\/p>\n\n\n\n<h2 class=\"wp-block-heading\">Personlig utveckling och gemenskap<\/h2>\n\n\n\n<p>F\u00f6r Wilma, elev p\u00e5 Foto &amp; Film, var resan till Milano hennes f\u00f6rsta utlandsresa, vilket gav henne en chans att vidga sina vyer. &#8221;Jag l\u00e4rde mig vikten av att v\u00e5ga bryta isen och hur mycket man utvecklas genom att v\u00e5ga ta plats.&#8221; L\u00e4rare Fredrik lade till att resan st\u00e4rkte gruppens sammanh\u00e5llning: &#8221;F\u00f6rsta dagen var eleverna blyga, men vid veckans slut navigerade de sj\u00e4lvst\u00e4ndigt genom Milano. Det \u00e4r oerh\u00f6rt oerh\u00f6rt h\u00e4ftigt att se hur mycket v\u00e5ra elever utvecklas under en s\u00e5n h\u00e4r resa.&#8221;<\/p>\n\n\n\n<h2 class=\"wp-block-heading\">Ett minne f\u00f6r livet<\/h2>\n\n\n\n<p>Gemenskapen, kreativiteten och de kulturella intrycken gjorde resan till ett minne f\u00f6r livet. Saga, en av eleverna, beskriver det som &#8221;en \u2018once in a lifetime\u2019-upplevelse.&#8221; Gruppen hoppas att fler elever ska f\u00e5 uppleva den inspiration som ett internationellt utbyte kan ge och uppmanar alla som f\u00e5r chansen att ta den.<\/p>\n\n\n\n<p>F\u00f6r alla blivande kreat\u00f6rer, p\u00e5 och utanf\u00f6r v\u00e5r skola, \u00e4r det h\u00e4r en p\u00e5minnelse om att v\u00e4rlden \u00e4r fylld av m\u00f6jligheter \u2013 och att det alltid finns nya h\u00f6rn att uppt\u00e4cka, b\u00e5de inom sig sj\u00e4lv och i v\u00e4rlden.<\/p>\n<\/div>\n\n\n\t<div\n\t\t class=\"container images-module\" >\n\t\t<div class=\"row\">\n\t\t\t<div\n\t\t\t\t\tclass=\"col-12 p-0 position-relative images_module__slideshow images_module__slideshow-container \">\n\t\t\t\t<div class=\"images_module__slide\" data-slide=\"\"\n\t\t\t\t\t data-duration=\"\"><\/div>\n\t\t\t\t\t\t\t\t\t<div\n\t\t\t\t\t\t class=\"images_module__slides \">\n\n\n\t\t\t\t\t\t<div class=\"images__wrapper\" style=\"aspect-ratio: 1200 \/ 531;\">\n\t\t\t\t\t\t\t<img decoding=\"async\" width=\"1230\" height=\"960\" src=\"https:\/\/lbs.se\/wp-content\/uploads\/sites\/19\/2024\/11\/02.jpeg\" class=\"images__image_ratio  \" alt=\"Elever i grupp p\u00e5 en gata i Milano\" style=\"aspect-ratio: 1200 \/ 531;object-position: center center;\" srcset=\"https:\/\/lbs.se\/wp-content\/uploads\/sites\/19\/2024\/11\/02.jpeg 1230w, https:\/\/lbs.se\/wp-content\/uploads\/sites\/19\/2024\/11\/02-300x234.jpeg 300w, https:\/\/lbs.se\/wp-content\/uploads\/sites\/19\/2024\/11\/02-400x312.jpeg 400w, https:\/\/lbs.se\/wp-content\/uploads\/sites\/19\/2024\/11\/02-600x468.jpeg 600w, https:\/\/lbs.se\/wp-content\/uploads\/sites\/19\/2024\/11\/02-800x624.jpeg 800w, https:\/\/lbs.se\/wp-content\/uploads\/sites\/19\/2024\/11\/02-1024x799.jpeg 1024w, https:\/\/lbs.se\/wp-content\/uploads\/sites\/19\/2024\/11\/02-1200x937.jpeg 1200w\" sizes=\"(max-width: 1230px) 100vw, 1230px\" \/>\t\t\t\t\t\t<\/div>\n\n\t\t\t\t\t\t\n\n\t\t\t\t\t\t\t\t\t\t\t<\/div>\n\t\t\t\t\t\t\t\t\t<div\n\t\t\t\t\t\t class=\"images_module__slides \">\n\n\n\t\t\t\t\t\t<div class=\"images__wrapper\" style=\"aspect-ratio: 1200 \/ 531;\">\n\t\t\t\t\t\t\t<img decoding=\"async\" width=\"1280\" height=\"853\" src=\"https:\/\/lbs.se\/wp-content\/uploads\/sites\/19\/2024\/11\/05.jpeg\" class=\"images__image_ratio  \" alt=\"Elever framf\u00f6r Gardasj\u00f6n\" style=\"aspect-ratio: 1200 \/ 531;object-position: center center;\" srcset=\"https:\/\/lbs.se\/wp-content\/uploads\/sites\/19\/2024\/11\/05.jpeg 1280w, https:\/\/lbs.se\/wp-content\/uploads\/sites\/19\/2024\/11\/05-300x200.jpeg 300w, https:\/\/lbs.se\/wp-content\/uploads\/sites\/19\/2024\/11\/05-400x267.jpeg 400w, https:\/\/lbs.se\/wp-content\/uploads\/sites\/19\/2024\/11\/05-600x400.jpeg 600w, https:\/\/lbs.se\/wp-content\/uploads\/sites\/19\/2024\/11\/05-800x533.jpeg 800w, https:\/\/lbs.se\/wp-content\/uploads\/sites\/19\/2024\/11\/05-1024x682.jpeg 1024w, https:\/\/lbs.se\/wp-content\/uploads\/sites\/19\/2024\/11\/05-1200x800.jpeg 1200w\" sizes=\"(max-width: 1280px) 100vw, 1280px\" \/>\t\t\t\t\t\t<\/div>\n\n\t\t\t\t\t\t\n\n\t\t\t\t\t\t\t\t\t\t\t<\/div>\n\t\t\t\t\n\t\t\t\t<div class=\"images_module__container_dot\">\n\t\t\t\t\t<div style=\"text-align:center\">\n\t\t\t\t\t\t\t\t\t\t\t\t\t<span   data-i=\"0\"\n\t\t\t\t\t\t\t\t  class=\"\n\t\t\t\t\t\t\timages_module__dot\n\t\t\t\t\t\t\timages_module__dot_style\t\t\t\t\t\t\t\"\n\t\t\t\t\t\t\t><\/span>\n\t\t\t\t\t\t\t\t\t\t\t\t\t<span   data-i=\"1\"\n\t\t\t\t\t\t\t\t  class=\"\n\t\t\t\t\t\t\timages_module__dot\n\t\t\t\t\t\t\timages_module__dot_style\t\t\t\t\t\t\t\"\n\t\t\t\t\t\t\t><\/span>\n\t\t\t\t\t\t\t\t\t\t\t<\/div>\n\t\t\t\t<\/div>\n\n\t\t\t<\/div>\n\t\t<\/div>\n\t<\/div>\n\t\n\n\n<script>\n\tvar images_display_descriptive_text = \"\";\n<\/script>\n\n\n\n\n\n<section  class=\"ams-article c-block l-stacked js-load-more\" data-color-scheme=\"1549\" data-count=\"3\" data-count-mobile=\"2\">\n\t<div class=\"l-container l-stack l-stack-fluid-2xl u-pt-fluid-3xl-6xl u-pb-fluid-3xl-6xl is-center is-center@md\">\n\t\t\t\t\t<div class=\"ams-article__intro l-stack l-stack-lg\">\n\t\t\t\t\t\n\t<h2\n\tclass=\"c-heading u-font-title-1 \"\n\tstyle=\"\">\n\t\t\n\t\t\t\t\tL\u00e4s fler nyheter\n\t\t\t\t\n\t<\/h2>\n\n\t\t\t\t\t\t\t<\/div>\n\t\t\n\t\t\t\n\t    \n\t\n\t<ul id=\"ams-article-list-69f27412cfe7c\" class=\"ams-article__list l-grid u-gap-2xl u-justify-center js-results \" aria-label=\"Artiklar\" data-filter-animation=\"off\">\n\t\t\t\t\t\t\t\t\t\t\t\t\t\t\t\t\t\n\t\t\t\n\t\t\t\n\t\t\t<li class=\"l-col-6@md l-col-4@lg \" data-filter=\"nyheter maj-2025\">\n\t\t\t\t<article class=\"c-card  has-media-zoom  \" data-variant=\"border\" data-style=\"square\" data-click-area>\n\t\t\t\t\t<div class=\"c-card__content l-stack l-stack-sm\">\n\n\t\t\t\t\t\t\t\t\t\t\t\t\t<time class=\"c-card__date u-font-small\" datetime=\"2025-05-14\">14 maj 2025<\/time>\n\t\t\t\t\t\t\n\t\t\t\t\t\t\t\t\t\t\t\t\t<h3 class=\"c-card__title u-font-title-3\">\n\t\t\t\t\t\t\t\t\t\t\t\t\t\t\t\t\t<a class=\"c-card__link\" href=\"https:\/\/lbs.se\/nykoping\/news\/student-2025\/\">\n\t\t\t\t\t\t\t\t\t\tStudent 2025\n\t\t\t\t\t\t\t\t\t<\/a>\n\t\t\t\t\t\t\t\t\t\t\t\t\t\t\t<\/h3>\n\t\t\t\t\t\t\n\t\t\t\t\t\t\t\t\t\t\t\t\t<p class=\"c-card__text l-stack-xs u-font-body\">\n\t\t\t\t\t\t\t\tH\u00e4r finns schemat f\u00f6r dagen 13 juni 2025 d\u00e5 v\u00e5ra studenter springer ut till ett &#8230;\n\t\t\t\t\t\t\t<\/p>\n\t\t\t\t\t\t\n\t\t\t\t\t\t\t\t\t\t\t\t\t<ul class=\"c-card__tags l-stack-grow u-list-none u-pt-md\" aria-label=\"Kategorier\">\n\t\t\t\t\t\t\t\t\t\t\t\t\t\t\t\t\t<li><span class=\"c-tag\" data-variant=\"outline\">Nyheter<\/span><\/li>\n\t\t\t\t\t\t\t\t\t\t\t\t\t\t\t<\/ul>\n\t\t\t\t\t\t\n\t\t\t\t\t\t<div class=\"c-card__icon\">\n\t\t\t\t\t\t\t\t\t\t\t\t\t\t<svg class=\"ams-icon ams-icon--arrow-right\" width=\"32\" height=\"32\" viewbox=\"0 0 32 32\" fill=\"currentColor\" aria-hidden=\"true\" xmlns=\"http:\/\/www.w3.org\/2000\/svg\">\n\t\t\t\t\t\t\t\t<path d=\"M19.3034 28L15.7415 24.4853L20.1077 20.2336L22.8079 17.966L22.7505 17.7392L17.6374 18.0794H0V12.8639H17.6374L22.7505 13.2041L22.8079 12.9773L20.1077 10.7098L15.7415 6.51474L19.3034 3L32 15.5283L19.3034 28Z\"\/>\n\t\t\t\t\t\t\t<\/svg>\n\t\t\t\t\t\t<\/div>\n\t\t\t\t\t<\/div>\n\n\t\t\t\t\t<div class=\"c-card__media \" style=\" \">\n\t\t\t\t\t\t<img decoding=\"async\" width=\"400\" height=\"425\" src=\"https:\/\/lbs.se\/wp-content\/uploads\/sites\/19\/2025\/05\/blog-banner-for-website-content-e1747204864519-400x425.jpg\" class=\"attachment-sm size-sm\" alt=\"Bertil i studentm\u00f6ssa\" sizes=\"(min-width: 64em) 300px, (min-width: 48em) calc(.50 * (100vw - 224px)), calc(100vw - 160px)\" srcset=\"https:\/\/lbs.se\/wp-content\/uploads\/sites\/19\/2025\/05\/blog-banner-for-website-content-e1747204864519-400x425.jpg 400w, https:\/\/lbs.se\/wp-content\/uploads\/sites\/19\/2025\/05\/blog-banner-for-website-content-e1747204864519-300x318.jpg 300w, https:\/\/lbs.se\/wp-content\/uploads\/sites\/19\/2025\/05\/blog-banner-for-website-content-e1747204864519-600x637.jpg 600w, https:\/\/lbs.se\/wp-content\/uploads\/sites\/19\/2025\/05\/blog-banner-for-website-content-e1747204864519-800x849.jpg 800w, https:\/\/lbs.se\/wp-content\/uploads\/sites\/19\/2025\/05\/blog-banner-for-website-content-e1747204864519-1024x1087.jpg 1024w, https:\/\/lbs.se\/wp-content\/uploads\/sites\/19\/2025\/05\/blog-banner-for-website-content-e1747204864519.jpg 1187w\" \/>\n\t\t\t\t\t<\/div>\n\t\t\t\t<\/article>\n\t\t\t<\/li>\n\t\t\t\t\t\t\t\t\t\t\t\t\t\t\t\t\t\n\t\t\t\n\t\t\t\n\t\t\t<li class=\"l-col-6@md l-col-4@lg \" data-filter=\"nyheter november-2024\">\n\t\t\t\t<article class=\"c-card  has-media-zoom  \" data-variant=\"border\" data-style=\"square\" data-click-area>\n\t\t\t\t\t<div class=\"c-card__content l-stack l-stack-sm\">\n\n\t\t\t\t\t\t\t\t\t\t\t\t\t<time class=\"c-card__date u-font-small\" datetime=\"2024-11-27\">27 november 2024<\/time>\n\t\t\t\t\t\t\n\t\t\t\t\t\t\t\t\t\t\t\t\t<h3 class=\"c-card__title u-font-title-3\">\n\t\t\t\t\t\t\t\t\t\t\t\t\t\t\t\t\t<a class=\"c-card__link\" href=\"https:\/\/lbs.se\/nykoping\/news\/lbs-nykoping-reser-till-milano-okt-2024\/\">\n\t\t\t\t\t\t\t\t\t\tKreativitet i fokus: LBS &#8230;\n\t\t\t\t\t\t\t\t\t<\/a>\n\t\t\t\t\t\t\t\t\t\t\t\t\t\t\t<\/h3>\n\t\t\t\t\t\t\n\t\t\t\t\t\t\t\t\t\t\t\t\t<p class=\"c-card__text l-stack-xs u-font-body\">\n\t\t\t\t\t\t\t\tI oktober fick 15 elever och tv\u00e5 l\u00e4rare fr\u00e5n LBS Nyk\u00f6ping chansen att resa till &#8230;\n\t\t\t\t\t\t\t<\/p>\n\t\t\t\t\t\t\n\t\t\t\t\t\t\t\t\t\t\t\t\t<ul class=\"c-card__tags l-stack-grow u-list-none u-pt-md\" aria-label=\"Kategorier\">\n\t\t\t\t\t\t\t\t\t\t\t\t\t\t\t\t\t<li><span class=\"c-tag\" data-variant=\"outline\">Nyheter<\/span><\/li>\n\t\t\t\t\t\t\t\t\t\t\t\t\t\t\t<\/ul>\n\t\t\t\t\t\t\n\t\t\t\t\t\t<div class=\"c-card__icon\">\n\t\t\t\t\t\t\t\t\t\t\t\t\t\t<svg class=\"ams-icon ams-icon--arrow-right\" width=\"32\" height=\"32\" viewbox=\"0 0 32 32\" fill=\"currentColor\" aria-hidden=\"true\" xmlns=\"http:\/\/www.w3.org\/2000\/svg\">\n\t\t\t\t\t\t\t\t<path d=\"M19.3034 28L15.7415 24.4853L20.1077 20.2336L22.8079 17.966L22.7505 17.7392L17.6374 18.0794H0V12.8639H17.6374L22.7505 13.2041L22.8079 12.9773L20.1077 10.7098L15.7415 6.51474L19.3034 3L32 15.5283L19.3034 28Z\"\/>\n\t\t\t\t\t\t\t<\/svg>\n\t\t\t\t\t\t<\/div>\n\t\t\t\t\t<\/div>\n\n\t\t\t\t\t<div class=\"c-card__media \" style=\" \">\n\t\t\t\t\t\t<img decoding=\"async\" width=\"400\" height=\"300\" src=\"https:\/\/lbs.se\/wp-content\/uploads\/sites\/19\/2024\/11\/01-400x300.jpeg\" class=\"attachment-sm size-sm\" alt=\"Elever framf\u00f6r en stor byggnad i Milano\" sizes=\"(min-width: 64em) 300px, (min-width: 48em) calc(.50 * (100vw - 224px)), calc(100vw - 160px)\" srcset=\"https:\/\/lbs.se\/wp-content\/uploads\/sites\/19\/2024\/11\/01-400x300.jpeg 400w, https:\/\/lbs.se\/wp-content\/uploads\/sites\/19\/2024\/11\/01-300x225.jpeg 300w, https:\/\/lbs.se\/wp-content\/uploads\/sites\/19\/2024\/11\/01-600x450.jpeg 600w, https:\/\/lbs.se\/wp-content\/uploads\/sites\/19\/2024\/11\/01-800x600.jpeg 800w, https:\/\/lbs.se\/wp-content\/uploads\/sites\/19\/2024\/11\/01-1024x768.jpeg 1024w, https:\/\/lbs.se\/wp-content\/uploads\/sites\/19\/2024\/11\/01-1200x900.jpeg 1200w, https:\/\/lbs.se\/wp-content\/uploads\/sites\/19\/2024\/11\/01-768x576.jpeg 768w, https:\/\/lbs.se\/wp-content\/uploads\/sites\/19\/2024\/11\/01.jpeg 1280w\" \/>\n\t\t\t\t\t<\/div>\n\t\t\t\t<\/article>\n\t\t\t<\/li>\n\t\t\t\t\t\t\t\t\t\t\t\t\t\t\t\t\t\n\t\t\t\n\t\t\t\n\t\t\t<li class=\"l-col-6@md l-col-4@lg \" data-filter=\"nyheter januari-2024\">\n\t\t\t\t<article class=\"c-card  has-media-zoom  \" data-variant=\"border\" data-style=\"square\" data-click-area>\n\t\t\t\t\t<div class=\"c-card__content l-stack l-stack-sm\">\n\n\t\t\t\t\t\t\t\t\t\t\t\t\t<time class=\"c-card__date u-font-small\" datetime=\"2024-01-30\">30 januari 2024<\/time>\n\t\t\t\t\t\t\n\t\t\t\t\t\t\t\t\t\t\t\t\t<h3 class=\"c-card__title u-font-title-3\">\n\t\t\t\t\t\t\t\t\t\t\t\t\t\t\t\t\t<a class=\"c-card__link\" href=\"https:\/\/lbs.se\/nykoping\/news\/lbs-reser-till-milano-2024\/\">\n\t\t\t\t\t\t\t\t\t\tLBS reser till Milano!\n\t\t\t\t\t\t\t\t\t<\/a>\n\t\t\t\t\t\t\t\t\t\t\t\t\t\t\t<\/h3>\n\t\t\t\t\t\t\n\t\t\t\t\t\t\t\t\t\t\t\t\t<p class=\"c-card__text l-stack-xs u-font-body\">\n\t\t\t\t\t\t\t\tI v\u00e5r kommer elever fr\u00e5n \u00e5rskurs tre att g\u00f6ra en minst sagt sp\u00e4nnande resa! Den 22 april g\u00e5r fl&#8230;\n\t\t\t\t\t\t\t<\/p>\n\t\t\t\t\t\t\n\t\t\t\t\t\t\t\t\t\t\t\t\t<ul class=\"c-card__tags l-stack-grow u-list-none u-pt-md\" aria-label=\"Kategorier\">\n\t\t\t\t\t\t\t\t\t\t\t\t\t\t\t\t\t<li><span class=\"c-tag\" data-variant=\"outline\">Nyheter<\/span><\/li>\n\t\t\t\t\t\t\t\t\t\t\t\t\t\t\t<\/ul>\n\t\t\t\t\t\t\n\t\t\t\t\t\t<div class=\"c-card__icon\">\n\t\t\t\t\t\t\t\t\t\t\t\t\t\t<svg class=\"ams-icon ams-icon--arrow-right\" width=\"32\" height=\"32\" viewbox=\"0 0 32 32\" fill=\"currentColor\" aria-hidden=\"true\" xmlns=\"http:\/\/www.w3.org\/2000\/svg\">\n\t\t\t\t\t\t\t\t<path d=\"M19.3034 28L15.7415 24.4853L20.1077 20.2336L22.8079 17.966L22.7505 17.7392L17.6374 18.0794H0V12.8639H17.6374L22.7505 13.2041L22.8079 12.9773L20.1077 10.7098L15.7415 6.51474L19.3034 3L32 15.5283L19.3034 28Z\"\/>\n\t\t\t\t\t\t\t<\/svg>\n\t\t\t\t\t\t<\/div>\n\t\t\t\t\t<\/div>\n\n\t\t\t\t\t<div class=\"c-card__media \" style=\" \">\n\t\t\t\t\t\t<img decoding=\"async\" width=\"400\" height=\"267\" src=\"https:\/\/lbs.se\/wp-content\/uploads\/sites\/19\/2024\/01\/bild-1-milano-400x267.jpg\" class=\"attachment-sm size-sm\" alt=\"6 elever som ska med p\u00e5 Milanoresan\" sizes=\"(min-width: 64em) 300px, (min-width: 48em) calc(.50 * (100vw - 224px)), calc(100vw - 160px)\" srcset=\"https:\/\/lbs.se\/wp-content\/uploads\/sites\/19\/2024\/01\/bild-1-milano-400x267.jpg 400w, https:\/\/lbs.se\/wp-content\/uploads\/sites\/19\/2024\/01\/bild-1-milano-300x200.jpg 300w, https:\/\/lbs.se\/wp-content\/uploads\/sites\/19\/2024\/01\/bild-1-milano-600x400.jpg 600w, https:\/\/lbs.se\/wp-content\/uploads\/sites\/19\/2024\/01\/bild-1-milano-800x533.jpg 800w, https:\/\/lbs.se\/wp-content\/uploads\/sites\/19\/2024\/01\/bild-1-milano-1024x682.jpg 1024w, https:\/\/lbs.se\/wp-content\/uploads\/sites\/19\/2024\/01\/bild-1-milano-1200x800.jpg 1200w, https:\/\/lbs.se\/wp-content\/uploads\/sites\/19\/2024\/01\/bild-1-milano.jpg 1280w\" \/>\n\t\t\t\t\t<\/div>\n\t\t\t\t<\/article>\n\t\t\t<\/li>\n\t\t\t<\/ul>\n\n\t<div class=\"no-results u-mt-0 u-hide\" data-filter-fallback-id=\"ams-article-list-69f27412cfe7c\">\n\t<p>Det finns inga resultat som matchar din filtrering.<\/p>\n<\/div>\n\n\t\n\n\t\t\n\t\t\t<\/div>\n\n\t\t\n\n<\/section>\n","protected":false},"template":"","article_category":[6],"yoast_head":"<!-- This site is optimized with the Yoast SEO plugin v22.0 - https:\/\/yoast.com\/wordpress\/plugins\/seo\/ -->\n<title>Nyk\u00f6ping<\/title>\n<meta name=\"description\" content=\"I oktober fick 15 elever och tv\u00e5 l\u00e4rare fr\u00e5n LBS Nyk\u00f6ping chansen att resa till Milano som en del av ett Erasmus+ projekt.\" \/>\n<meta name=\"robots\" content=\"index, follow, max-snippet:-1, max-image-preview:large, max-video-preview:-1\" \/>\n<link rel=\"canonical\" href=\"https:\/\/lbs.se\/nykoping\/news\/lbs-nykoping-reser-till-milano-okt-2024\/\" \/>\n<meta property=\"og:locale\" content=\"sv_SE\" \/>\n<meta property=\"og:type\" content=\"article\" \/>\n<meta property=\"og:description\" content=\"I oktober fick 15 elever och tv\u00e5 l\u00e4rare fr\u00e5n LBS Nyk\u00f6ping chansen att resa till Milano som en del av ett Erasmus+ projekt.\" \/>\n<meta property=\"og:url\" content=\"https:\/\/lbs.se\/nykoping\/news\/lbs-nykoping-reser-till-milano-okt-2024\/\" \/>\n<meta property=\"og:site_name\" content=\"Nyk\u00f6ping\" \/>\n<meta property=\"article:modified_time\" content=\"2024-12-16T15:40:51+00:00\" \/>\n<meta name=\"twitter:card\" content=\"summary_large_image\" \/>\n<meta name=\"twitter:description\" content=\"I oktober fick 15 elever och tv\u00e5 l\u00e4rare fr\u00e5n LBS Nyk\u00f6ping chansen att resa till Milano som en del av ett Erasmus+ projekt.\" \/>\n<meta name=\"twitter:image\" content=\"https:\/\/lbs.se\/wp-content\/uploads\/sites\/19\/2024\/11\/02-1200x630.jpeg\" \/>\n<meta name=\"twitter:label1\" content=\"Ber\u00e4knad l\u00e4stid\" \/>\n\t<meta name=\"twitter:data1\" content=\"4 minuter\" \/>\n<script type=\"application\/ld+json\" class=\"yoast-schema-graph\">{\"@context\":\"https:\/\/schema.org\",\"@graph\":[{\"@type\":\"WebPage\",\"@id\":\"https:\/\/lbs.se\/nykoping\/news\/lbs-nykoping-reser-till-milano-okt-2024\/\",\"url\":\"https:\/\/lbs.se\/nykoping\/news\/lbs-nykoping-reser-till-milano-okt-2024\/\",\"name\":\"LBS Nyk\u00f6ping reser till Milano Okt 2024 - Nyk\u00f6ping\",\"isPartOf\":{\"@id\":\"https:\/\/lbs.se\/nykoping\/#website\"},\"datePublished\":\"2024-11-27T15:23:39+00:00\",\"dateModified\":\"2024-12-16T15:40:51+00:00\",\"description\":\"I oktober fick 15 elever och tv\u00e5 l\u00e4rare fr\u00e5n LBS Nyk\u00f6ping chansen att resa till Milano som en del av ett Erasmus+ projekt.\",\"breadcrumb\":{\"@id\":\"https:\/\/lbs.se\/nykoping\/news\/lbs-nykoping-reser-till-milano-okt-2024\/#breadcrumb\"},\"inLanguage\":\"sv-SE\",\"potentialAction\":[{\"@type\":\"ReadAction\",\"target\":[\"https:\/\/lbs.se\/nykoping\/news\/lbs-nykoping-reser-till-milano-okt-2024\/\"]}]},{\"@type\":\"BreadcrumbList\",\"@id\":\"https:\/\/lbs.se\/nykoping\/news\/lbs-nykoping-reser-till-milano-okt-2024\/#breadcrumb\",\"itemListElement\":[{\"@type\":\"ListItem\",\"position\":1,\"name\":\"Start\",\"item\":\"https:\/\/lbs.se\/nykoping\"},{\"@type\":\"ListItem\",\"position\":2,\"name\":\"Nyheter\"}]},{\"@type\":\"WebSite\",\"@id\":\"https:\/\/lbs.se\/nykoping\/#website\",\"url\":\"https:\/\/lbs.se\/nykoping\/\",\"name\":\"Nyk\u00f6ping\",\"description\":\"LBS Kreativa Gymnasiet\",\"potentialAction\":[{\"@type\":\"SearchAction\",\"target\":{\"@type\":\"EntryPoint\",\"urlTemplate\":\"https:\/\/lbs.se\/nykoping\/?s={search_term_string}\"},\"query-input\":\"required name=search_term_string\"}],\"inLanguage\":\"sv-SE\"}]}<\/script>\n<!-- \/ Yoast SEO plugin. -->","yoast_head_json":{"title":"Nyk\u00f6ping","description":"I oktober fick 15 elever och tv\u00e5 l\u00e4rare fr\u00e5n LBS Nyk\u00f6ping chansen att resa till Milano som en del av ett Erasmus+ projekt.","robots":{"index":"index","follow":"follow","max-snippet":"max-snippet:-1","max-image-preview":"max-image-preview:large","max-video-preview":"max-video-preview:-1"},"canonical":"https:\/\/lbs.se\/nykoping\/news\/lbs-nykoping-reser-till-milano-okt-2024\/","og_locale":"sv_SE","og_type":"article","og_description":"I oktober fick 15 elever och tv\u00e5 l\u00e4rare fr\u00e5n LBS Nyk\u00f6ping chansen att resa till Milano som en del av ett Erasmus+ projekt.","og_url":"https:\/\/lbs.se\/nykoping\/news\/lbs-nykoping-reser-till-milano-okt-2024\/","og_site_name":"Nyk\u00f6ping","article_modified_time":"2024-12-16T15:40:51+00:00","twitter_card":"summary_large_image","twitter_description":"I oktober fick 15 elever och tv\u00e5 l\u00e4rare fr\u00e5n LBS Nyk\u00f6ping chansen att resa till Milano som en del av ett Erasmus+ projekt.","twitter_image":"https:\/\/lbs.se\/wp-content\/uploads\/sites\/19\/2024\/11\/02-1200x630.jpeg","twitter_misc":{"Ber\u00e4knad l\u00e4stid":"4 minuter"},"schema":{"@context":"https:\/\/schema.org","@graph":[{"@type":"WebPage","@id":"https:\/\/lbs.se\/nykoping\/news\/lbs-nykoping-reser-till-milano-okt-2024\/","url":"https:\/\/lbs.se\/nykoping\/news\/lbs-nykoping-reser-till-milano-okt-2024\/","name":"LBS Nyk\u00f6ping reser till Milano Okt 2024 - Nyk\u00f6ping","isPartOf":{"@id":"https:\/\/lbs.se\/nykoping\/#website"},"datePublished":"2024-11-27T15:23:39+00:00","dateModified":"2024-12-16T15:40:51+00:00","description":"I oktober fick 15 elever och tv\u00e5 l\u00e4rare fr\u00e5n LBS Nyk\u00f6ping chansen att resa till Milano som en del av ett Erasmus+ projekt.","breadcrumb":{"@id":"https:\/\/lbs.se\/nykoping\/news\/lbs-nykoping-reser-till-milano-okt-2024\/#breadcrumb"},"inLanguage":"sv-SE","potentialAction":[{"@type":"ReadAction","target":["https:\/\/lbs.se\/nykoping\/news\/lbs-nykoping-reser-till-milano-okt-2024\/"]}]},{"@type":"BreadcrumbList","@id":"https:\/\/lbs.se\/nykoping\/news\/lbs-nykoping-reser-till-milano-okt-2024\/#breadcrumb","itemListElement":[{"@type":"ListItem","position":1,"name":"Start","item":"https:\/\/lbs.se\/nykoping"},{"@type":"ListItem","position":2,"name":"Nyheter"}]},{"@type":"WebSite","@id":"https:\/\/lbs.se\/nykoping\/#website","url":"https:\/\/lbs.se\/nykoping\/","name":"Nyk\u00f6ping","description":"LBS Kreativa Gymnasiet","potentialAction":[{"@type":"SearchAction","target":{"@type":"EntryPoint","urlTemplate":"https:\/\/lbs.se\/nykoping\/?s={search_term_string}"},"query-input":"required name=search_term_string"}],"inLanguage":"sv-SE"}]}},"_links":{"self":[{"href":"https:\/\/lbs.se\/nykoping\/wp-json\/wp\/v2\/article\/1931"}],"collection":[{"href":"https:\/\/lbs.se\/nykoping\/wp-json\/wp\/v2\/article"}],"about":[{"href":"https:\/\/lbs.se\/nykoping\/wp-json\/wp\/v2\/types\/article"}],"wp:attachment":[{"href":"https:\/\/lbs.se\/nykoping\/wp-json\/wp\/v2\/media?parent=1931"}],"wp:term":[{"taxonomy":"article_category","embeddable":true,"href":"https:\/\/lbs.se\/nykoping\/wp-json\/wp\/v2\/article_category?post=1931"}],"curies":[{"name":"wp","href":"https:\/\/api.w.org\/{rel}","templated":true}]}}