{"id":1939,"date":"2024-07-05T14:38:28","date_gmt":"2024-07-05T12:38:28","guid":{"rendered":"https:\/\/lbs.se\/halmstad\/?post_type=article&#038;p=1939"},"modified":"2024-07-05T14:38:31","modified_gmt":"2024-07-05T12:38:31","slug":"elevintervju-elin","status":"publish","type":"article","link":"https:\/\/lbs.se\/halmstad\/news\/elevintervju-elin\/","title":{"rendered":"Elevintervju Elin"},"content":{"rendered":"\n<div class=\"wp-block-group is-style-narrow is-layout-constrained wp-block-group-is-layout-constrained\">\t<div\n\t\t class=\"module_wrapper container-fluid images-module\" >\n\t\t<div class=\"row\">\n\t\t\t<div\n\t\t\t\t\tclass=\"col-12 m-0 p-0 position-relative images_module__slideshow images_module__slideshow-container module-expand \">\n\n\t\t\t\t<div class=\"images_module__slide \" data-slide=\"\"\n\t\t\t\t\t data-duration=\"\"><\/div>\n\t\t\t\t\t\t\t\t\t<div\n\t\t\t\t\t\t class=\"images_module__slides \">\n\n\n\t\t\t\t\t\t<div class=\"images__wrapper\"\n\t\t\t\t\t\t\t style=\"aspect-ratio: 851 \/ 531;\">\n\t\t\t\t\t\t\t<img decoding=\"async\" width=\"800\" height=\"450\" src=\"https:\/\/lbs.se\/wp-content\/uploads\/sites\/10\/2024\/07\/elinhalmstad2024.png\" class=\"images__image_ratio  \" alt=\"Elin, elev.\" style=\"aspect-ratio: 851 \/ 531;object-position: center center;\" srcset=\"https:\/\/lbs.se\/wp-content\/uploads\/sites\/10\/2024\/07\/elinhalmstad2024.png 800w, https:\/\/lbs.se\/wp-content\/uploads\/sites\/10\/2024\/07\/elinhalmstad2024-300x169.png 300w, https:\/\/lbs.se\/wp-content\/uploads\/sites\/10\/2024\/07\/elinhalmstad2024-400x225.png 400w, https:\/\/lbs.se\/wp-content\/uploads\/sites\/10\/2024\/07\/elinhalmstad2024-600x338.png 600w\" sizes=\"(max-width: 800px) 100vw, 800px\" \/>\t\t\t\t\t\t<\/div>\n\n\t\t\t\t\t\t\n\t\t\t\t\t\t\t\t\t\t\t<\/div>\n\t\t\t\t\n\t\t\t\t<div class=\"images_module__container_dot \">\n\t\t\t\t\t<div style=\"text-align:center\">\n\t\t\t\t\t\t\t\t\t\t\t\t\t<span   data-i=\"0\"\n\t\t\t\t\t\t\t\t  class=\"images_module__dot\n\t\t\t\t\t\t\t\t\t\t\t\t\t  \"><\/span>\n\t\t\t\t\t\t\t\t\t\t\t<\/div>\n\t\t\t\t<\/div>\n\n\t\t\t<\/div>\n\t\t<\/div>\n\t<\/div>\n\n\n\t\n\n\n<script>\n\tvar images_display_descriptive_text = \"\";\n<\/script>\n\n\n\n<h1 class=\"wp-block-heading\">Elevintervju: Elin<\/h1>\n\n\n\n<p>Elin Albinsson\u00a0\u00a0| Teknikprogrammet | Arkitektur | Halmstad<\/p>\n\n\n\n<p><strong>Elin Albinsson g\u00e5r nu tredje \u00e5ret p\u00e5 Teknikprogrammet, Arkitektur och samh\u00e4llsbyggnad p\u00e5 LBS Halmstad. St\u00e4mningen p\u00e5 skolan beskriver hon som lugn, trygg, rolig och kreativ!<\/strong><\/p>\n\n\n\n<p><strong>Vad \u00e4r det b\u00e4sta med LBS Halmstad?<\/strong><br>\u2013 Skolan \u00e4r liten och trygg och du f\u00e5r v\u00e4nskaper runt om i skolan, \u00e4ven utanf\u00f6r klassen. L\u00e4rarna g\u00f6r l\u00e4randet och skolarbetet roligt och varierar i hur de l\u00e4r ut, \u00e4ven vi elever kan vara med och inflika i hur arbetet ska se ut s\u00e5 att det blir s\u00e5 bra som m\u00f6jligt f\u00f6r alla.\u00a0<\/p>\n\n\n\n<p><strong>Hur anpassas utbildningen efter r\u00e5dande trender och omr\u00e5den inom teknik?<\/strong><br>\u2013 Vi l\u00e4r oss mer om hur AI kan utveckla v\u00e5ra studier och vara ett okej hj\u00e4lpmedel f\u00f6r oss elever. Men vi f\u00e5r \u00e4ven l\u00e4ra oss att anv\u00e4nda appar och program som t.ex twinmotion som var nytt f\u00f6r oss arkitektare p\u00e5 skolan f\u00f6r att kunna f\u00e5 ett snyggare slutresultat p\u00e5 skapade hus.<\/p>\n\n\n\n<p><strong>Hur skulle du beskriva l\u00e4rarna?<\/strong><br>\u2013 F\u00f6rst\u00e5ende, de \u00e4r engagerade och pedagogiska i sina \u00e4mnen och i hur de l\u00e4r ut. De vill elevernas b\u00e4sta s\u00e5 att alla f\u00e5r komma till tals. De h\u00e5ller eleverna uppdaterade i sina utbildningar vilket g\u00f6r det tryggt f\u00f6r oss elever i hur vi ska forts\u00e4tta i \u00e4mnena.<\/p>\n\n\n\n<p><strong>Vad dr\u00f6mmer du om efter studenten?<\/strong><br>\u2013 Att kunna komma in p\u00e5 de utbildningarna jag vill efter\u00e5t, att m\u00f6jligtvis f\u00e5 jobba inom det som denna inriktning ska ge mig grundkunskaper till i framtiden.<\/p>\n<\/div>\n\n\n\n\n\n<section  class=\"ams-article c-block l-stacked js-load-more\" data-color-scheme=\"1549\" data-count=\"3\" data-count-mobile=\"2\">\n\t<div class=\"l-container l-stack l-stack-fluid-2xl u-pt-fluid-3xl-6xl u-pb-fluid-3xl-6xl is-center is-center@md\">\n\t\t\t\t\t<div class=\"ams-article__intro l-stack l-stack-lg\">\n\t\t\t\t\t\n\t<h2\n\tclass=\"c-heading u-font-title-1 \"\n\tstyle=\"\">\n\t\t\n\t\t\t\t\tFler artiklar\n\t\t\t\t\n\t<\/h2>\n\n\t\t\t\t\t\t\t<\/div>\n\t\t\n\t\t\t\n\t    \n\t\n\t<ul id=\"ams-article-list-69f2d2ed47be4\" class=\"ams-article__list l-grid u-gap-2xl u-justify-center js-results \" aria-label=\"Artiklar\" data-filter-animation=\"off\">\n\t\t\t\t\t\t\t\t\t\t\t\t\t\t\t\t\t\n\t\t\t\n\t\t\t\n\t\t\t<li class=\"l-col-6@md l-col-4@lg \" data-filter=\"elevintervju nyheter april-2026\">\n\t\t\t\t<article class=\"c-card  has-media-zoom  \" data-variant=\"border\" data-style=\"square\" data-click-area>\n\t\t\t\t\t<div class=\"c-card__content l-stack l-stack-sm\">\n\n\t\t\t\t\t\t\t\t\t\t\t\t\t<time class=\"c-card__date u-font-small\" datetime=\"2026-04-17\">17 april 2026<\/time>\n\t\t\t\t\t\t\n\t\t\t\t\t\t\t\t\t\t\t\t\t<h3 class=\"c-card__title u-font-title-3\">\n\t\t\t\t\t\t\t\t\t\t\t\t\t\t\t\t\t<a class=\"c-card__link\" href=\"https:\/\/lbs.se\/halmstad\/news\/lokal\/lbs-awards-sa-tar-du-hem-vinsten\">\n\t\t\t\t\t\t\t\t\t\tVad \u00e4r LBS Awards och hur tar man hem vi&#8230;\n\t\t\t\t\t\t\t\t\t<\/a>\n\t\t\t\t\t\t\t\t\t\t\t\t\t\t\t<\/h3>\n\t\t\t\t\t\t\n\t\t\t\t\t\t\t\t\t\t\t\t\t<p class=\"c-card__text l-stack-xs u-font-body\">\n\t\t\t\t\t\t\t\tVad \u00e4r LBS Awards?\r\n\u2013 LBS Awards \u00e4r som Mello, fast f\u00f6r LBS. Du skickar in ditt &#8230;\n\t\t\t\t\t\t\t<\/p>\n\t\t\t\t\t\t\n\t\t\t\t\t\t\t\t\t\t\t\t\t<ul class=\"c-card__tags l-stack-grow u-list-none u-pt-md\" aria-label=\"Kategorier\">\n\t\t\t\t\t\t\t\t\t\t\t\t\t\t\t\t\t<li><span class=\"c-tag\" data-variant=\"outline\">Elevintervju<\/span><\/li>\n\t\t\t\t\t\t\t\t\t\t\t\t\t\t\t\t\t<li><span class=\"c-tag\" data-variant=\"outline\">Nyheter<\/span><\/li>\n\t\t\t\t\t\t\t\t\t\t\t\t\t\t\t<\/ul>\n\t\t\t\t\t\t\n\t\t\t\t\t\t<div class=\"c-card__icon\">\n\t\t\t\t\t\t\t\t\t\t\t\t\t\t<svg class=\"ams-icon ams-icon--arrow-right\" width=\"32\" height=\"32\" viewbox=\"0 0 32 32\" fill=\"currentColor\" aria-hidden=\"true\" xmlns=\"http:\/\/www.w3.org\/2000\/svg\">\n\t\t\t\t\t\t\t\t<path d=\"M19.3034 28L15.7415 24.4853L20.1077 20.2336L22.8079 17.966L22.7505 17.7392L17.6374 18.0794H0V12.8639H17.6374L22.7505 13.2041L22.8079 12.9773L20.1077 10.7098L15.7415 6.51474L19.3034 3L32 15.5283L19.3034 28Z\"\/>\n\t\t\t\t\t\t\t<\/svg>\n\t\t\t\t\t\t<\/div>\n\t\t\t\t\t<\/div>\n\n\t\t\t\t\t<div class=\"c-card__media \" style=\" \">\n\t\t\t\t\t\t<img decoding=\"async\" width=\"400\" height=\"240\" src=\"https:\/\/lbs.se\/wp-content\/uploads\/2026\/04\/namnlos-design-7-400x240.png\" class=\"attachment-sm size-sm\" alt=\"William elev nyk\u00f6ping\" sizes=\"(min-width: 64em) 300px, (min-width: 48em) calc(.50 * (100vw - 224px)), calc(100vw - 160px)\" srcset=\"https:\/\/lbs.se\/wp-content\/uploads\/2026\/04\/namnlos-design-7-400x240.png 400w, https:\/\/lbs.se\/wp-content\/uploads\/2026\/04\/namnlos-design-7-300x180.png 300w, https:\/\/lbs.se\/wp-content\/uploads\/2026\/04\/namnlos-design-7-600x360.png 600w, https:\/\/lbs.se\/wp-content\/uploads\/2026\/04\/namnlos-design-7-800x480.png 800w, https:\/\/lbs.se\/wp-content\/uploads\/2026\/04\/namnlos-design-7.png 1000w\" \/>\n\t\t\t\t\t<\/div>\n\t\t\t\t<\/article>\n\t\t\t<\/li>\n\t\t\t\t\t\t\t\t\t\t\t\t\t\t\t\t\t\n\t\t\t\n\t\t\t\n\t\t\t<li class=\"l-col-6@md l-col-4@lg \" data-filter=\"elevintervju mars-2026\">\n\t\t\t\t<article class=\"c-card  has-media-zoom  \" data-variant=\"border\" data-style=\"square\" data-click-area>\n\t\t\t\t\t<div class=\"c-card__content l-stack l-stack-sm\">\n\n\t\t\t\t\t\t\t\t\t\t\t\t\t<time class=\"c-card__date u-font-small\" datetime=\"2026-03-12\">12 mars 2026<\/time>\n\t\t\t\t\t\t\n\t\t\t\t\t\t\t\t\t\t\t\t\t<h3 class=\"c-card__title u-font-title-3\">\n\t\t\t\t\t\t\t\t\t\t\t\t\t\t\t\t\t<a class=\"c-card__link\" href=\"https:\/\/lbs.se\/halmstad\/news\/lokal\/nathalie-lbs-eget-produktionsbolag\">\n\t\t\t\t\t\t\t\t\t\tFr\u00e5n LBS till eget f\u00f6retag\n\t\t\t\t\t\t\t\t\t<\/a>\n\t\t\t\t\t\t\t\t\t\t\t\t\t\t\t<\/h3>\n\t\t\t\t\t\t\n\t\t\t\t\t\t\t\t\t\t\t\t\t<p class=\"c-card__text l-stack-xs u-font-body\">\n\t\t\t\t\t\t\t\t&#8221;Idag driver jag eget f\u00f6retag d\u00e4r jag jobbar med content creation, sociala medie&#8230;\n\t\t\t\t\t\t\t<\/p>\n\t\t\t\t\t\t\n\t\t\t\t\t\t\t\t\t\t\t\t\t<ul class=\"c-card__tags l-stack-grow u-list-none u-pt-md\" aria-label=\"Kategorier\">\n\t\t\t\t\t\t\t\t\t\t\t\t\t\t\t\t\t<li><span class=\"c-tag\" data-variant=\"outline\">Elevintervju<\/span><\/li>\n\t\t\t\t\t\t\t\t\t\t\t\t\t\t\t<\/ul>\n\t\t\t\t\t\t\n\t\t\t\t\t\t<div class=\"c-card__icon\">\n\t\t\t\t\t\t\t\t\t\t\t\t\t\t<svg class=\"ams-icon ams-icon--arrow-right\" width=\"32\" height=\"32\" viewbox=\"0 0 32 32\" fill=\"currentColor\" aria-hidden=\"true\" xmlns=\"http:\/\/www.w3.org\/2000\/svg\">\n\t\t\t\t\t\t\t\t<path d=\"M19.3034 28L15.7415 24.4853L20.1077 20.2336L22.8079 17.966L22.7505 17.7392L17.6374 18.0794H0V12.8639H17.6374L22.7505 13.2041L22.8079 12.9773L20.1077 10.7098L15.7415 6.51474L19.3034 3L32 15.5283L19.3034 28Z\"\/>\n\t\t\t\t\t\t\t<\/svg>\n\t\t\t\t\t\t<\/div>\n\t\t\t\t\t<\/div>\n\n\t\t\t\t\t<div class=\"c-card__media \" style=\" \">\n\t\t\t\t\t\t<img decoding=\"async\" width=\"400\" height=\"446\" src=\"https:\/\/lbs.se\/wp-content\/uploads\/2026\/03\/lbsalumnnathalie-andersson2026-400x446.jpg\" class=\"attachment-sm size-sm\" alt=\"F\u00f6re detta elev Nathalie\" sizes=\"(min-width: 64em) 300px, (min-width: 48em) calc(.50 * (100vw - 224px)), calc(100vw - 160px)\" srcset=\"https:\/\/lbs.se\/wp-content\/uploads\/2026\/03\/lbsalumnnathalie-andersson2026-400x446.jpg 400w, https:\/\/lbs.se\/wp-content\/uploads\/2026\/03\/lbsalumnnathalie-andersson2026-300x334.jpg 300w, https:\/\/lbs.se\/wp-content\/uploads\/2026\/03\/lbsalumnnathalie-andersson2026-600x669.jpg 600w, https:\/\/lbs.se\/wp-content\/uploads\/2026\/03\/lbsalumnnathalie-andersson2026-800x892.jpg 800w, https:\/\/lbs.se\/wp-content\/uploads\/2026\/03\/lbsalumnnathalie-andersson2026-1024x1142.jpg 1024w, https:\/\/lbs.se\/wp-content\/uploads\/2026\/03\/lbsalumnnathalie-andersson2026-1200x1338.jpg 1200w\" \/>\n\t\t\t\t\t<\/div>\n\t\t\t\t<\/article>\n\t\t\t<\/li>\n\t\t\t\t\t\t\t\t\t\t\t\t\t\t\t\t\t\n\t\t\t\n\t\t\t\n\t\t\t<li class=\"l-col-6@md l-col-4@lg \" data-filter=\"nyheter oktober-2025\">\n\t\t\t\t<article class=\"c-card  has-media-zoom  \" data-variant=\"border\" data-style=\"square\" data-click-area>\n\t\t\t\t\t<div class=\"c-card__content l-stack l-stack-sm\">\n\n\t\t\t\t\t\t\t\t\t\t\t\t\t<time class=\"c-card__date u-font-small\" datetime=\"2025-10-08\">8 oktober 2025<\/time>\n\t\t\t\t\t\t\n\t\t\t\t\t\t\t\t\t\t\t\t\t<h3 class=\"c-card__title u-font-title-3\">\n\t\t\t\t\t\t\t\t\t\t\t\t\t\t\t\t\t<a class=\"c-card__link\" href=\"https:\/\/lbs.se\/halmstad\/news\/lbs-halmstad-startar-fritidskursen-unga-spelutvecklare\/\">\n\t\t\t\t\t\t\t\t\t\tLBS Halmstad startar fritidskursen Unga spelutvecklare\n\t\t\t\t\t\t\t\t\t<\/a>\n\t\t\t\t\t\t\t\t\t\t\t\t\t\t\t<\/h3>\n\t\t\t\t\t\t\n\t\t\t\t\t\t\t\t\t\t\t\t\t<p class=\"c-card__text l-stack-xs u-font-body\">\n\t\t\t\t\t\t\t\tUngdomar i Halmstad f\u00e5r nu chansen att testa hur man utvecklar spel under sin fritid. L\u00e4s mer och hu&#8230;\n\t\t\t\t\t\t\t<\/p>\n\t\t\t\t\t\t\n\t\t\t\t\t\t\t\t\t\t\t\t\t<ul class=\"c-card__tags l-stack-grow u-list-none u-pt-md\" aria-label=\"Kategorier\">\n\t\t\t\t\t\t\t\t\t\t\t\t\t\t\t\t\t<li><span class=\"c-tag\" data-variant=\"outline\">Nyheter<\/span><\/li>\n\t\t\t\t\t\t\t\t\t\t\t\t\t\t\t<\/ul>\n\t\t\t\t\t\t\n\t\t\t\t\t\t<div class=\"c-card__icon\">\n\t\t\t\t\t\t\t\t\t\t\t\t\t\t<svg class=\"ams-icon ams-icon--arrow-right\" width=\"32\" height=\"32\" viewbox=\"0 0 32 32\" fill=\"currentColor\" aria-hidden=\"true\" xmlns=\"http:\/\/www.w3.org\/2000\/svg\">\n\t\t\t\t\t\t\t\t<path d=\"M19.3034 28L15.7415 24.4853L20.1077 20.2336L22.8079 17.966L22.7505 17.7392L17.6374 18.0794H0V12.8639H17.6374L22.7505 13.2041L22.8079 12.9773L20.1077 10.7098L15.7415 6.51474L19.3034 3L32 15.5283L19.3034 28Z\"\/>\n\t\t\t\t\t\t\t<\/svg>\n\t\t\t\t\t\t<\/div>\n\t\t\t\t\t<\/div>\n\n\t\t\t\t\t<div class=\"c-card__media \" style=\" \">\n\t\t\t\t\t\t<img decoding=\"async\" width=\"400\" height=\"267\" src=\"https:\/\/lbs.se\/wp-content\/uploads\/sites\/10\/2025\/10\/lbs-halmstad-okt2026-1024x683-1-400x267.jpeg\" class=\"attachment-sm size-sm\" alt=\"Rektor Linda som st\u00e5r tillsammans med l\u00e4rarna Elliot och Andreas\" sizes=\"(min-width: 64em) 300px, (min-width: 48em) calc(.50 * (100vw - 224px)), calc(100vw - 160px)\" srcset=\"https:\/\/lbs.se\/wp-content\/uploads\/sites\/10\/2025\/10\/lbs-halmstad-okt2026-1024x683-1-400x267.jpeg 400w, https:\/\/lbs.se\/wp-content\/uploads\/sites\/10\/2025\/10\/lbs-halmstad-okt2026-1024x683-1-300x200.jpeg 300w, https:\/\/lbs.se\/wp-content\/uploads\/sites\/10\/2025\/10\/lbs-halmstad-okt2026-1024x683-1-600x400.jpeg 600w, https:\/\/lbs.se\/wp-content\/uploads\/sites\/10\/2025\/10\/lbs-halmstad-okt2026-1024x683-1-800x534.jpeg 800w, https:\/\/lbs.se\/wp-content\/uploads\/sites\/10\/2025\/10\/lbs-halmstad-okt2026-1024x683-1.jpeg 1024w\" \/>\n\t\t\t\t\t<\/div>\n\t\t\t\t<\/article>\n\t\t\t<\/li>\n\t\t\t\t\t\t\t\t\t\t\t\t\t\t\t\t\t\n\t\t\t\n\t\t\t\n\t\t\t<li class=\"l-col-6@md l-col-4@lg \" data-filter=\"nyheter september-2025\">\n\t\t\t\t<article class=\"c-card  has-media-zoom  \" data-variant=\"border\" data-style=\"square\" data-click-area>\n\t\t\t\t\t<div class=\"c-card__content l-stack l-stack-sm\">\n\n\t\t\t\t\t\t\t\t\t\t\t\t\t<time class=\"c-card__date u-font-small\" datetime=\"2025-09-01\">1 september 2025<\/time>\n\t\t\t\t\t\t\n\t\t\t\t\t\t\t\t\t\t\t\t\t<h3 class=\"c-card__title u-font-title-3\">\n\t\t\t\t\t\t\t\t\t\t\t\t\t\t\t\t\t<a class=\"c-card__link\" href=\"https:\/\/lbs.se\/halmstad\/news\/lokal\/studentmossa-till-basta-pris\">\n\t\t\t\t\t\t\t\t\t\tStudentm\u00f6ssa till b\u00e4sta pris!\n\t\t\t\t\t\t\t\t\t<\/a>\n\t\t\t\t\t\t\t\t\t\t\t\t\t\t\t<\/h3>\n\t\t\t\t\t\t\n\t\t\t\t\t\t\t\t\t\t\t\t\t<p class=\"c-card__text l-stack-xs u-font-body\">\n\t\t\t\t\t\t\t\tNu kan du som g\u00e5r p\u00e5 en gymnasieskola som tillh\u00f6r AcadeMedia k\u00f6pa din studentm\u00f6ssa till ett extra f\u00f6rm\u00e5nligt pris inf\u00f6r studenten 2026.\n\t\t\t\t\t\t\t<\/p>\n\t\t\t\t\t\t\n\t\t\t\t\t\t\t\t\t\t\t\t\t<ul class=\"c-card__tags l-stack-grow u-list-none u-pt-md\" aria-label=\"Kategorier\">\n\t\t\t\t\t\t\t\t\t\t\t\t\t\t\t\t\t<li><span class=\"c-tag\" data-variant=\"outline\">Nyheter<\/span><\/li>\n\t\t\t\t\t\t\t\t\t\t\t\t\t\t\t<\/ul>\n\t\t\t\t\t\t\n\t\t\t\t\t\t<div class=\"c-card__icon\">\n\t\t\t\t\t\t\t\t\t\t\t\t\t\t<svg class=\"ams-icon ams-icon--arrow-right\" width=\"32\" height=\"32\" viewbox=\"0 0 32 32\" fill=\"currentColor\" aria-hidden=\"true\" xmlns=\"http:\/\/www.w3.org\/2000\/svg\">\n\t\t\t\t\t\t\t\t<path d=\"M19.3034 28L15.7415 24.4853L20.1077 20.2336L22.8079 17.966L22.7505 17.7392L17.6374 18.0794H0V12.8639H17.6374L22.7505 13.2041L22.8079 12.9773L20.1077 10.7098L15.7415 6.51474L19.3034 3L32 15.5283L19.3034 28Z\"\/>\n\t\t\t\t\t\t\t<\/svg>\n\t\t\t\t\t\t<\/div>\n\t\t\t\t\t<\/div>\n\n\t\t\t\t\t<div class=\"c-card__media \" style=\" \">\n\t\t\t\t\t\t<img decoding=\"async\" width=\"400\" height=\"226\" src=\"https:\/\/lbs.se\/wp-content\/uploads\/2025\/09\/student2-2-stor-400x226.jpeg\" class=\"attachment-sm size-sm\" alt=\"Elever som kastar studentm\u00f6ssor i luften\" sizes=\"(min-width: 64em) 300px, (min-width: 48em) calc(.50 * (100vw - 224px)), calc(100vw - 160px)\" srcset=\"https:\/\/lbs.se\/wp-content\/uploads\/2025\/09\/student2-2-stor-400x226.jpeg 400w, https:\/\/lbs.se\/wp-content\/uploads\/2025\/09\/student2-2-stor-300x169.jpeg 300w, https:\/\/lbs.se\/wp-content\/uploads\/2025\/09\/student2-2-stor-600x338.jpeg 600w, https:\/\/lbs.se\/wp-content\/uploads\/2025\/09\/student2-2-stor-800x451.jpeg 800w, https:\/\/lbs.se\/wp-content\/uploads\/2025\/09\/student2-2-stor-1024x578.jpeg 1024w, https:\/\/lbs.se\/wp-content\/uploads\/2025\/09\/student2-2-stor-1200x677.jpeg 1200w, https:\/\/lbs.se\/wp-content\/uploads\/2025\/09\/student2-2-stor.jpeg 1280w\" \/>\n\t\t\t\t\t<\/div>\n\t\t\t\t<\/article>\n\t\t\t<\/li>\n\t\t\t\t\t\t\t\t\t\t\t\t\t\t\t\t\t\n\t\t\t\n\t\t\t\n\t\t\t<li class=\"l-col-6@md l-col-4@lg \" data-filter=\"nyheter december-2024\">\n\t\t\t\t<article class=\"c-card  has-media-zoom  \" data-variant=\"border\" data-style=\"square\" data-click-area>\n\t\t\t\t\t<div class=\"c-card__content l-stack l-stack-sm\">\n\n\t\t\t\t\t\t\t\t\t\t\t\t\t<time class=\"c-card__date u-font-small\" datetime=\"2024-12-04\">4 december 2024<\/time>\n\t\t\t\t\t\t\n\t\t\t\t\t\t\t\t\t\t\t\t\t<h3 class=\"c-card__title u-font-title-3\">\n\t\t\t\t\t\t\t\t\t\t\t\t\t\t\t\t\t<a class=\"c-card__link\" href=\"https:\/\/lbs.se\/halmstad\/news\/lokal\/en-framtid-i-spelbranschen\">\n\t\t\t\t\t\t\t\t\t\tEn framtid i spelbranschen\n\t\t\t\t\t\t\t\t\t<\/a>\n\t\t\t\t\t\t\t\t\t\t\t\t\t\t\t<\/h3>\n\t\t\t\t\t\t\n\t\t\t\t\t\t\t\t\t\t\t\t\t<p class=\"c-card__text l-stack-xs u-font-body\">\n\t\t\t\t\t\t\t\tDen svenska spelbranschen \u00e4r en av de snabbast v\u00e4xande sektorerna inom tech och &#8230;\n\t\t\t\t\t\t\t<\/p>\n\t\t\t\t\t\t\n\t\t\t\t\t\t\t\t\t\t\t\t\t<ul class=\"c-card__tags l-stack-grow u-list-none u-pt-md\" aria-label=\"Kategorier\">\n\t\t\t\t\t\t\t\t\t\t\t\t\t\t\t\t\t<li><span class=\"c-tag\" data-variant=\"outline\">Nyheter<\/span><\/li>\n\t\t\t\t\t\t\t\t\t\t\t\t\t\t\t<\/ul>\n\t\t\t\t\t\t\n\t\t\t\t\t\t<div class=\"c-card__icon\">\n\t\t\t\t\t\t\t\t\t\t\t\t\t\t<svg class=\"ams-icon ams-icon--arrow-right\" width=\"32\" height=\"32\" viewbox=\"0 0 32 32\" fill=\"currentColor\" aria-hidden=\"true\" xmlns=\"http:\/\/www.w3.org\/2000\/svg\">\n\t\t\t\t\t\t\t\t<path d=\"M19.3034 28L15.7415 24.4853L20.1077 20.2336L22.8079 17.966L22.7505 17.7392L17.6374 18.0794H0V12.8639H17.6374L22.7505 13.2041L22.8079 12.9773L20.1077 10.7098L15.7415 6.51474L19.3034 3L32 15.5283L19.3034 28Z\"\/>\n\t\t\t\t\t\t\t<\/svg>\n\t\t\t\t\t\t<\/div>\n\t\t\t\t\t<\/div>\n\n\t\t\t\t\t<div class=\"c-card__media \" style=\" \">\n\t\t\t\t\t\t<img decoding=\"async\" width=\"400\" height=\"225\" src=\"https:\/\/lbs.se\/wp-content\/uploads\/2024\/12\/titel-2-400x225.jpg\" class=\"attachment-sm size-sm\" alt=\"Stor efterfr\u00e5gan p\u00e5 spelutveckling och spelgrafiker\" sizes=\"(min-width: 64em) 300px, (min-width: 48em) calc(.50 * (100vw - 224px)), calc(100vw - 160px)\" srcset=\"https:\/\/lbs.se\/wp-content\/uploads\/2024\/12\/titel-2-400x225.jpg 400w, https:\/\/lbs.se\/wp-content\/uploads\/2024\/12\/titel-2-300x169.jpg 300w, https:\/\/lbs.se\/wp-content\/uploads\/2024\/12\/titel-2-600x337.jpg 600w, https:\/\/lbs.se\/wp-content\/uploads\/2024\/12\/titel-2-800x450.jpg 800w, https:\/\/lbs.se\/wp-content\/uploads\/2024\/12\/titel-2-1024x576.jpg 1024w, https:\/\/lbs.se\/wp-content\/uploads\/2024\/12\/titel-2-1200x675.jpg 1200w, https:\/\/lbs.se\/wp-content\/uploads\/2024\/12\/titel-2.jpg 1366w\" \/>\n\t\t\t\t\t<\/div>\n\t\t\t\t<\/article>\n\t\t\t<\/li>\n\t\t\t\t\t\t\t\t\t\t\t\t\t\t\t\t\t\n\t\t\t\n\t\t\t\n\t\t\t<li class=\"l-col-6@md l-col-4@lg \" data-filter=\"elevintervju juli-2024\">\n\t\t\t\t<article class=\"c-card  has-media-zoom  \" data-variant=\"border\" data-style=\"square\" data-click-area>\n\t\t\t\t\t<div class=\"c-card__content l-stack l-stack-sm\">\n\n\t\t\t\t\t\t\t\t\t\t\t\t\t<time class=\"c-card__date u-font-small\" datetime=\"2024-07-05\">5 juli 2024<\/time>\n\t\t\t\t\t\t\n\t\t\t\t\t\t\t\t\t\t\t\t\t<h3 class=\"c-card__title u-font-title-3\">\n\t\t\t\t\t\t\t\t\t\t\t\t\t\t\t\t\t<a class=\"c-card__link\" href=\"https:\/\/lbs.se\/halmstad\/news\/elevintervju-elin\/\">\n\t\t\t\t\t\t\t\t\t\tElevintervju: Elin\n\t\t\t\t\t\t\t\t\t<\/a>\n\t\t\t\t\t\t\t\t\t\t\t\t\t\t\t<\/h3>\n\t\t\t\t\t\t\n\t\t\t\t\t\t\t\t\t\t\t\t\t<p class=\"c-card__text l-stack-xs u-font-body\">\n\t\t\t\t\t\t\t\tElin g\u00e5r nu tredje \u00e5ret p\u00e5 Teknikprogrammet, Arkitektur. St\u00e4mningen p\u00e5 skolan beskriver hon som lugn, trygg, rolig och kreativ!\n\t\t\t\t\t\t\t<\/p>\n\t\t\t\t\t\t\n\t\t\t\t\t\t\t\t\t\t\t\t\t<ul class=\"c-card__tags l-stack-grow u-list-none u-pt-md\" aria-label=\"Kategorier\">\n\t\t\t\t\t\t\t\t\t\t\t\t\t\t\t\t\t<li><span class=\"c-tag\" data-variant=\"outline\">Elevintervju<\/span><\/li>\n\t\t\t\t\t\t\t\t\t\t\t\t\t\t\t<\/ul>\n\t\t\t\t\t\t\n\t\t\t\t\t\t<div class=\"c-card__icon\">\n\t\t\t\t\t\t\t\t\t\t\t\t\t\t<svg class=\"ams-icon ams-icon--arrow-right\" width=\"32\" height=\"32\" viewbox=\"0 0 32 32\" fill=\"currentColor\" aria-hidden=\"true\" xmlns=\"http:\/\/www.w3.org\/2000\/svg\">\n\t\t\t\t\t\t\t\t<path d=\"M19.3034 28L15.7415 24.4853L20.1077 20.2336L22.8079 17.966L22.7505 17.7392L17.6374 18.0794H0V12.8639H17.6374L22.7505 13.2041L22.8079 12.9773L20.1077 10.7098L15.7415 6.51474L19.3034 3L32 15.5283L19.3034 28Z\"\/>\n\t\t\t\t\t\t\t<\/svg>\n\t\t\t\t\t\t<\/div>\n\t\t\t\t\t<\/div>\n\n\t\t\t\t\t<div class=\"c-card__media \" style=\" \">\n\t\t\t\t\t\t<img decoding=\"async\" width=\"400\" height=\"225\" src=\"https:\/\/lbs.se\/wp-content\/uploads\/sites\/10\/2024\/07\/elinhalmstad12024-400x225.png\" class=\"attachment-sm size-sm\" alt=\"Elin, elev.\" sizes=\"(min-width: 64em) 300px, (min-width: 48em) calc(.50 * (100vw - 224px)), calc(100vw - 160px)\" srcset=\"https:\/\/lbs.se\/wp-content\/uploads\/sites\/10\/2024\/07\/elinhalmstad12024-400x225.png 400w, https:\/\/lbs.se\/wp-content\/uploads\/sites\/10\/2024\/07\/elinhalmstad12024-300x169.png 300w, https:\/\/lbs.se\/wp-content\/uploads\/sites\/10\/2024\/07\/elinhalmstad12024-600x338.png 600w, https:\/\/lbs.se\/wp-content\/uploads\/sites\/10\/2024\/07\/elinhalmstad12024.png 800w\" \/>\n\t\t\t\t\t<\/div>\n\t\t\t\t<\/article>\n\t\t\t<\/li>\n\t\t\t\t\t\t\t\t\t\t\t\t\t\t\t\t\t\n\t\t\t\n\t\t\t\n\t\t\t<li class=\"l-col-6@md l-col-4@lg \" data-filter=\"elevintervju juli-2024\">\n\t\t\t\t<article class=\"c-card  has-media-zoom  \" data-variant=\"border\" data-style=\"square\" data-click-area>\n\t\t\t\t\t<div class=\"c-card__content l-stack l-stack-sm\">\n\n\t\t\t\t\t\t\t\t\t\t\t\t\t<time class=\"c-card__date u-font-small\" datetime=\"2024-07-05\">5 juli 2024<\/time>\n\t\t\t\t\t\t\n\t\t\t\t\t\t\t\t\t\t\t\t\t<h3 class=\"c-card__title u-font-title-3\">\n\t\t\t\t\t\t\t\t\t\t\t\t\t\t\t\t\t<a class=\"c-card__link\" href=\"https:\/\/lbs.se\/halmstad\/news\/elevintervju-amanda\/\">\n\t\t\t\t\t\t\t\t\t\tElevintervju: Amanda\n\t\t\t\t\t\t\t\t\t<\/a>\n\t\t\t\t\t\t\t\t\t\t\t\t\t\t\t<\/h3>\n\t\t\t\t\t\t\n\t\t\t\t\t\t\t\t\t\t\t\t\t<p class=\"c-card__text l-stack-xs u-font-body\">\n\t\t\t\t\t\t\t\tAmanda Ebeklint g\u00e5r nu i tv\u00e5an p\u00e5 LBS Halmstad, Spelgrafik. St\u00e4mningen p\u00e5 skolan beskriver hon som glad och uppmuntrande!\n\t\t\t\t\t\t\t<\/p>\n\t\t\t\t\t\t\n\t\t\t\t\t\t\t\t\t\t\t\t\t<ul class=\"c-card__tags l-stack-grow u-list-none u-pt-md\" aria-label=\"Kategorier\">\n\t\t\t\t\t\t\t\t\t\t\t\t\t\t\t\t\t<li><span class=\"c-tag\" data-variant=\"outline\">Elevintervju<\/span><\/li>\n\t\t\t\t\t\t\t\t\t\t\t\t\t\t\t<\/ul>\n\t\t\t\t\t\t\n\t\t\t\t\t\t<div class=\"c-card__icon\">\n\t\t\t\t\t\t\t\t\t\t\t\t\t\t<svg class=\"ams-icon ams-icon--arrow-right\" width=\"32\" height=\"32\" viewbox=\"0 0 32 32\" fill=\"currentColor\" aria-hidden=\"true\" xmlns=\"http:\/\/www.w3.org\/2000\/svg\">\n\t\t\t\t\t\t\t\t<path d=\"M19.3034 28L15.7415 24.4853L20.1077 20.2336L22.8079 17.966L22.7505 17.7392L17.6374 18.0794H0V12.8639H17.6374L22.7505 13.2041L22.8079 12.9773L20.1077 10.7098L15.7415 6.51474L19.3034 3L32 15.5283L19.3034 28Z\"\/>\n\t\t\t\t\t\t\t<\/svg>\n\t\t\t\t\t\t<\/div>\n\t\t\t\t\t<\/div>\n\n\t\t\t\t\t<div class=\"c-card__media \" style=\" \">\n\t\t\t\t\t\t<img decoding=\"async\" width=\"400\" height=\"225\" src=\"https:\/\/lbs.se\/wp-content\/uploads\/sites\/10\/2024\/07\/amandahalmstad12024-400x225.png\" class=\"attachment-sm size-sm\" alt=\"Amanda, elev.\" sizes=\"(min-width: 64em) 300px, (min-width: 48em) calc(.50 * (100vw - 224px)), calc(100vw - 160px)\" srcset=\"https:\/\/lbs.se\/wp-content\/uploads\/sites\/10\/2024\/07\/amandahalmstad12024-400x225.png 400w, https:\/\/lbs.se\/wp-content\/uploads\/sites\/10\/2024\/07\/amandahalmstad12024-300x169.png 300w, https:\/\/lbs.se\/wp-content\/uploads\/sites\/10\/2024\/07\/amandahalmstad12024-600x338.png 600w, https:\/\/lbs.se\/wp-content\/uploads\/sites\/10\/2024\/07\/amandahalmstad12024.png 800w\" \/>\n\t\t\t\t\t<\/div>\n\t\t\t\t<\/article>\n\t\t\t<\/li>\n\t\t\t\t\t\t\t\t\t\t\t\t\t\t\t\t\t\n\t\t\t\n\t\t\t\n\t\t\t<li class=\"l-col-6@md l-col-4@lg \" data-filter=\"nyheter februari-2024\">\n\t\t\t\t<article class=\"c-card  has-media-zoom  \" data-variant=\"border\" data-style=\"square\" data-click-area>\n\t\t\t\t\t<div class=\"c-card__content l-stack l-stack-sm\">\n\n\t\t\t\t\t\t\t\t\t\t\t\t\t<time class=\"c-card__date u-font-small\" datetime=\"2024-02-09\">9 februari 2024<\/time>\n\t\t\t\t\t\t\n\t\t\t\t\t\t\t\t\t\t\t\t\t<h3 class=\"c-card__title u-font-title-3\">\n\t\t\t\t\t\t\t\t\t\t\t\t\t\t\t\t\t<a class=\"c-card__link\" href=\"https:\/\/lbs.se\/halmstad\/news\/lokal\/dataspelsbranschen\">\n\t\t\t\t\t\t\t\t\t\t&#8221;S\u00f6k till en spelutbildning&#8221;\n\t\t\t\t\t\t\t\t\t<\/a>\n\t\t\t\t\t\t\t\t\t\t\t\t\t\t\t<\/h3>\n\t\t\t\t\t\t\n\t\t\t\t\t\t\t\t\t\t\t\t\t<p class=\"c-card__text l-stack-xs u-font-body\">\n\t\t\t\t\t\t\t\tPer fr\u00e5n branschorganisationen Dataspelsbranschen ber\u00e4ttar&#8230;\n\t\t\t\t\t\t\t<\/p>\n\t\t\t\t\t\t\n\t\t\t\t\t\t\t\t\t\t\t\t\t<ul class=\"c-card__tags l-stack-grow u-list-none u-pt-md\" aria-label=\"Kategorier\">\n\t\t\t\t\t\t\t\t\t\t\t\t\t\t\t\t\t<li><span class=\"c-tag\" data-variant=\"outline\">Nyheter<\/span><\/li>\n\t\t\t\t\t\t\t\t\t\t\t\t\t\t\t<\/ul>\n\t\t\t\t\t\t\n\t\t\t\t\t\t<div class=\"c-card__icon\">\n\t\t\t\t\t\t\t\t\t\t\t\t\t\t<svg class=\"ams-icon ams-icon--arrow-right\" width=\"32\" height=\"32\" viewbox=\"0 0 32 32\" fill=\"currentColor\" aria-hidden=\"true\" xmlns=\"http:\/\/www.w3.org\/2000\/svg\">\n\t\t\t\t\t\t\t\t<path d=\"M19.3034 28L15.7415 24.4853L20.1077 20.2336L22.8079 17.966L22.7505 17.7392L17.6374 18.0794H0V12.8639H17.6374L22.7505 13.2041L22.8079 12.9773L20.1077 10.7098L15.7415 6.51474L19.3034 3L32 15.5283L19.3034 28Z\"\/>\n\t\t\t\t\t\t\t<\/svg>\n\t\t\t\t\t\t<\/div>\n\t\t\t\t\t<\/div>\n\n\t\t\t\t\t<div class=\"c-card__media \" style=\" \">\n\t\t\t\t\t\t<img decoding=\"async\" width=\"400\" height=\"267\" src=\"https:\/\/lbs.se\/wp-content\/uploads\/2023\/08\/pressbild-per-stromback-2018-foto-bjorn-mattisson-scaled-400x267.jpg\" class=\"attachment-sm size-sm\" alt=\"Per Str\u00f6mb\u00e4ck.\" sizes=\"(min-width: 64em) 300px, (min-width: 48em) calc(.50 * (100vw - 224px)), calc(100vw - 160px)\" srcset=\"https:\/\/lbs.se\/wp-content\/uploads\/2023\/08\/pressbild-per-stromback-2018-foto-bjorn-mattisson-scaled-400x267.jpg 400w, https:\/\/lbs.se\/wp-content\/uploads\/2023\/08\/pressbild-per-stromback-2018-foto-bjorn-mattisson-scaled-300x200.jpg 300w, https:\/\/lbs.se\/wp-content\/uploads\/2023\/08\/pressbild-per-stromback-2018-foto-bjorn-mattisson-scaled-600x400.jpg 600w, https:\/\/lbs.se\/wp-content\/uploads\/2023\/08\/pressbild-per-stromback-2018-foto-bjorn-mattisson-scaled-800x533.jpg 800w, https:\/\/lbs.se\/wp-content\/uploads\/2023\/08\/pressbild-per-stromback-2018-foto-bjorn-mattisson-scaled-1024x682.jpg 1024w, https:\/\/lbs.se\/wp-content\/uploads\/2023\/08\/pressbild-per-stromback-2018-foto-bjorn-mattisson-scaled-1200x800.jpg 1200w\" \/>\n\t\t\t\t\t<\/div>\n\t\t\t\t<\/article>\n\t\t\t<\/li>\n\t\t\t\t\t\t\t\t\t\t\t\t\t\t\t\t\t\n\t\t\t\n\t\t\t\n\t\t\t<li class=\"l-col-6@md l-col-4@lg \" data-filter=\"nyheter september-2023\">\n\t\t\t\t<article class=\"c-card  has-media-zoom  \" data-variant=\"border\" data-style=\"square\" data-click-area>\n\t\t\t\t\t<div class=\"c-card__content l-stack l-stack-sm\">\n\n\t\t\t\t\t\t\t\t\t\t\t\t\t<time class=\"c-card__date u-font-small\" datetime=\"2023-09-05\">5 september 2023<\/time>\n\t\t\t\t\t\t\n\t\t\t\t\t\t\t\t\t\t\t\t\t<h3 class=\"c-card__title u-font-title-3\">\n\t\t\t\t\t\t\t\t\t\t\t\t\t\t\t\t\t<a class=\"c-card__link\" href=\"https:\/\/lbs.se\/halmstad\/news\/lokal\/svenska-e-sportforbundets-integration-i-riksidrottsforbundet-fordelar-och-framtidsutsikter\">\n\t\t\t\t\t\t\t\t\t\tSvensk e-sport tar historiskt steg fram\u00e5t!&#8230;\n\t\t\t\t\t\t\t\t\t<\/a>\n\t\t\t\t\t\t\t\t\t\t\t\t\t\t\t<\/h3>\n\t\t\t\t\t\t\n\t\t\t\t\t\t\t\t\t\t\t\t\t<p class=\"c-card__text l-stack-xs u-font-body\">\n\t\t\t\t\t\t\t\tBlir en del av Riksidrottsf\u00f6rbundet\n\t\t\t\t\t\t\t<\/p>\n\t\t\t\t\t\t\n\t\t\t\t\t\t\t\t\t\t\t\t\t<ul class=\"c-card__tags l-stack-grow u-list-none u-pt-md\" aria-label=\"Kategorier\">\n\t\t\t\t\t\t\t\t\t\t\t\t\t\t\t\t\t<li><span class=\"c-tag\" data-variant=\"outline\">Nyheter<\/span><\/li>\n\t\t\t\t\t\t\t\t\t\t\t\t\t\t\t<\/ul>\n\t\t\t\t\t\t\n\t\t\t\t\t\t<div class=\"c-card__icon\">\n\t\t\t\t\t\t\t\t\t\t\t\t\t\t<svg class=\"ams-icon ams-icon--arrow-right\" width=\"32\" height=\"32\" viewbox=\"0 0 32 32\" fill=\"currentColor\" aria-hidden=\"true\" xmlns=\"http:\/\/www.w3.org\/2000\/svg\">\n\t\t\t\t\t\t\t\t<path d=\"M19.3034 28L15.7415 24.4853L20.1077 20.2336L22.8079 17.966L22.7505 17.7392L17.6374 18.0794H0V12.8639H17.6374L22.7505 13.2041L22.8079 12.9773L20.1077 10.7098L15.7415 6.51474L19.3034 3L32 15.5283L19.3034 28Z\"\/>\n\t\t\t\t\t\t\t<\/svg>\n\t\t\t\t\t\t<\/div>\n\t\t\t\t\t<\/div>\n\n\t\t\t\t\t<div class=\"c-card__media \" style=\" \">\n\t\t\t\t\t\t<img decoding=\"async\" width=\"400\" height=\"400\" src=\"https:\/\/lbs.se\/wp-content\/uploads\/2023\/09\/svenska-e-sport-forbundet-in-i-riksidrottsforbundet-e-sport-i-sverige-400x400.jpg\" class=\"attachment-sm size-sm\" alt=\"Tv\u00e5 elever sitter i e-sport salen och g\u00f6r high five.\" sizes=\"(min-width: 64em) 300px, (min-width: 48em) calc(.50 * (100vw - 224px)), calc(100vw - 160px)\" srcset=\"https:\/\/lbs.se\/wp-content\/uploads\/2023\/09\/svenska-e-sport-forbundet-in-i-riksidrottsforbundet-e-sport-i-sverige-400x400.jpg 400w, https:\/\/lbs.se\/wp-content\/uploads\/2023\/09\/svenska-e-sport-forbundet-in-i-riksidrottsforbundet-e-sport-i-sverige-150x150.jpg 150w, https:\/\/lbs.se\/wp-content\/uploads\/2023\/09\/svenska-e-sport-forbundet-in-i-riksidrottsforbundet-e-sport-i-sverige-300x300.jpg 300w, https:\/\/lbs.se\/wp-content\/uploads\/2023\/09\/svenska-e-sport-forbundet-in-i-riksidrottsforbundet-e-sport-i-sverige-600x600.jpg 600w, https:\/\/lbs.se\/wp-content\/uploads\/2023\/09\/svenska-e-sport-forbundet-in-i-riksidrottsforbundet-e-sport-i-sverige-800x800.jpg 800w, https:\/\/lbs.se\/wp-content\/uploads\/2023\/09\/svenska-e-sport-forbundet-in-i-riksidrottsforbundet-e-sport-i-sverige-1024x1024.jpg 1024w, https:\/\/lbs.se\/wp-content\/uploads\/2023\/09\/svenska-e-sport-forbundet-in-i-riksidrottsforbundet-e-sport-i-sverige.jpg 1200w\" \/>\n\t\t\t\t\t<\/div>\n\t\t\t\t<\/article>\n\t\t\t<\/li>\n\t\t\t\t\t\t\t\t\t\t\t\t\t\t\t\t\t\n\t\t\t\n\t\t\t\n\t\t\t<li class=\"l-col-6@md l-col-4@lg \" data-filter=\"nyheter augusti-2023\">\n\t\t\t\t<article class=\"c-card  has-media-zoom  \" data-variant=\"border\" data-style=\"square\" data-click-area>\n\t\t\t\t\t<div class=\"c-card__content l-stack l-stack-sm\">\n\n\t\t\t\t\t\t\t\t\t\t\t\t\t<time class=\"c-card__date u-font-small\" datetime=\"2023-08-24\">24 augusti 2023<\/time>\n\t\t\t\t\t\t\n\t\t\t\t\t\t\t\t\t\t\t\t\t<h3 class=\"c-card__title u-font-title-3\">\n\t\t\t\t\t\t\t\t\t\t\t\t\t\t\t\t\t<a class=\"c-card__link\" href=\"https:\/\/lbs.se\/halmstad\/news\/lokal\/lbs-30-ar\">\n\t\t\t\t\t\t\t\t\t\tLBS firar 30 \u00e5r\n\t\t\t\t\t\t\t\t\t<\/a>\n\t\t\t\t\t\t\t\t\t\t\t\t\t\t\t<\/h3>\n\t\t\t\t\t\t\n\t\t\t\t\t\t\t\t\t\t\t\t\t<p class=\"c-card__text l-stack-xs u-font-body\">\n\t\t\t\t\t\t\t\tFredag den 25 augusti firar vi p\u00e5 LBS Kreativa Gymnasiet att vi funnits i hela 3&#8230;\n\t\t\t\t\t\t\t<\/p>\n\t\t\t\t\t\t\n\t\t\t\t\t\t\t\t\t\t\t\t\t<ul class=\"c-card__tags l-stack-grow u-list-none u-pt-md\" aria-label=\"Kategorier\">\n\t\t\t\t\t\t\t\t\t\t\t\t\t\t\t\t\t<li><span class=\"c-tag\" data-variant=\"outline\">Nyheter<\/span><\/li>\n\t\t\t\t\t\t\t\t\t\t\t\t\t\t\t<\/ul>\n\t\t\t\t\t\t\n\t\t\t\t\t\t<div class=\"c-card__icon\">\n\t\t\t\t\t\t\t\t\t\t\t\t\t\t<svg class=\"ams-icon ams-icon--arrow-right\" width=\"32\" height=\"32\" viewbox=\"0 0 32 32\" fill=\"currentColor\" aria-hidden=\"true\" xmlns=\"http:\/\/www.w3.org\/2000\/svg\">\n\t\t\t\t\t\t\t\t<path d=\"M19.3034 28L15.7415 24.4853L20.1077 20.2336L22.8079 17.966L22.7505 17.7392L17.6374 18.0794H0V12.8639H17.6374L22.7505 13.2041L22.8079 12.9773L20.1077 10.7098L15.7415 6.51474L19.3034 3L32 15.5283L19.3034 28Z\"\/>\n\t\t\t\t\t\t\t<\/svg>\n\t\t\t\t\t\t<\/div>\n\t\t\t\t\t<\/div>\n\n\t\t\t\t\t<div class=\"c-card__media \" style=\" \">\n\t\t\t\t\t\t<img decoding=\"async\" width=\"400\" height=\"400\" src=\"https:\/\/lbs.se\/wp-content\/uploads\/2023\/08\/lbs-30-ar-logo-400x400.png\" class=\"attachment-sm size-sm\" alt=\"LBS 30 \u00e5r logo.\" sizes=\"(min-width: 64em) 300px, (min-width: 48em) calc(.50 * (100vw - 224px)), calc(100vw - 160px)\" srcset=\"https:\/\/lbs.se\/wp-content\/uploads\/2023\/08\/lbs-30-ar-logo-400x400.png 400w, https:\/\/lbs.se\/wp-content\/uploads\/2023\/08\/lbs-30-ar-logo-150x150.png 150w, https:\/\/lbs.se\/wp-content\/uploads\/2023\/08\/lbs-30-ar-logo-300x300.png 300w, https:\/\/lbs.se\/wp-content\/uploads\/2023\/08\/lbs-30-ar-logo-600x600.png 600w, https:\/\/lbs.se\/wp-content\/uploads\/2023\/08\/lbs-30-ar-logo-800x800.png 800w, https:\/\/lbs.se\/wp-content\/uploads\/2023\/08\/lbs-30-ar-logo-1024x1024.png 1024w, https:\/\/lbs.se\/wp-content\/uploads\/2023\/08\/lbs-30-ar-logo-1200x1200.png 1200w, https:\/\/lbs.se\/wp-content\/uploads\/2023\/08\/lbs-30-ar-logo.png 1440w\" \/>\n\t\t\t\t\t<\/div>\n\t\t\t\t<\/article>\n\t\t\t<\/li>\n\t\t\t\t\t\t\t\t\t\t\t\t\t\t\t\t\t\n\t\t\t\n\t\t\t\n\t\t\t<li class=\"l-col-6@md l-col-4@lg \" data-filter=\"alumn augusti-2023\">\n\t\t\t\t<article class=\"c-card  has-media-zoom  \" data-variant=\"border\" data-style=\"square\" data-click-area>\n\t\t\t\t\t<div class=\"c-card__content l-stack l-stack-sm\">\n\n\t\t\t\t\t\t\t\t\t\t\t\t\t<time class=\"c-card__date u-font-small\" datetime=\"2023-08-23\">23 augusti 2023<\/time>\n\t\t\t\t\t\t\n\t\t\t\t\t\t\t\t\t\t\t\t\t<h3 class=\"c-card__title u-font-title-3\">\n\t\t\t\t\t\t\t\t\t\t\t\t\t\t\t\t\t<a class=\"c-card__link\" href=\"https:\/\/lbs.se\/halmstad\/news\/lokal\/elin-nyman\">\n\t\t\t\t\t\t\t\t\t\tElin pluggade vidare inom kommunikation\n\t\t\t\t\t\t\t\t\t<\/a>\n\t\t\t\t\t\t\t\t\t\t\t\t\t\t\t<\/h3>\n\t\t\t\t\t\t\n\t\t\t\t\t\t\t\t\t\t\t\t\t<p class=\"c-card__text l-stack-xs u-font-body\">\n\t\t\t\t\t\t\t\tF\u00f6re detta eleven Elin Nyman ber\u00e4ttar om sin skoltid. Hon ber\u00e4ttar om st\u00e4mningen&#8230;\n\t\t\t\t\t\t\t<\/p>\n\t\t\t\t\t\t\n\t\t\t\t\t\t\t\t\t\t\t\t\t<ul class=\"c-card__tags l-stack-grow u-list-none u-pt-md\" aria-label=\"Kategorier\">\n\t\t\t\t\t\t\t\t\t\t\t\t\t\t\t\t\t<li><span class=\"c-tag\" data-variant=\"outline\">Alumn<\/span><\/li>\n\t\t\t\t\t\t\t\t\t\t\t\t\t\t\t<\/ul>\n\t\t\t\t\t\t\n\t\t\t\t\t\t<div class=\"c-card__icon\">\n\t\t\t\t\t\t\t\t\t\t\t\t\t\t<svg class=\"ams-icon ams-icon--arrow-right\" width=\"32\" height=\"32\" viewbox=\"0 0 32 32\" fill=\"currentColor\" aria-hidden=\"true\" xmlns=\"http:\/\/www.w3.org\/2000\/svg\">\n\t\t\t\t\t\t\t\t<path d=\"M19.3034 28L15.7415 24.4853L20.1077 20.2336L22.8079 17.966L22.7505 17.7392L17.6374 18.0794H0V12.8639H17.6374L22.7505 13.2041L22.8079 12.9773L20.1077 10.7098L15.7415 6.51474L19.3034 3L32 15.5283L19.3034 28Z\"\/>\n\t\t\t\t\t\t\t<\/svg>\n\t\t\t\t\t\t<\/div>\n\t\t\t\t\t<\/div>\n\n\t\t\t\t\t<div class=\"c-card__media \" style=\" \">\n\t\t\t\t\t\t<img decoding=\"async\" width=\"400\" height=\"389\" src=\"https:\/\/lbs.se\/wp-content\/uploads\/2023\/08\/elin-nyman-bild-e1692861931179-400x389.jpg\" class=\"attachment-sm size-sm\" alt=\"Elin Nyman.\" sizes=\"(min-width: 64em) 300px, (min-width: 48em) calc(.50 * (100vw - 224px)), calc(100vw - 160px)\" srcset=\"https:\/\/lbs.se\/wp-content\/uploads\/2023\/08\/elin-nyman-bild-e1692861931179-400x389.jpg 400w, https:\/\/lbs.se\/wp-content\/uploads\/2023\/08\/elin-nyman-bild-e1692861931179-300x292.jpg 300w, https:\/\/lbs.se\/wp-content\/uploads\/2023\/08\/elin-nyman-bild-e1692861931179-600x584.jpg 600w, https:\/\/lbs.se\/wp-content\/uploads\/2023\/08\/elin-nyman-bild-e1692861931179-800x779.jpg 800w, https:\/\/lbs.se\/wp-content\/uploads\/2023\/08\/elin-nyman-bild-e1692861931179-1024x997.jpg 1024w, https:\/\/lbs.se\/wp-content\/uploads\/2023\/08\/elin-nyman-bild-e1692861931179.jpg 1200w\" \/>\n\t\t\t\t\t<\/div>\n\t\t\t\t<\/article>\n\t\t\t<\/li>\n\t\t\t\t\t\t\t\t\t\t\t\t\t\t\t\t\t\n\t\t\t\n\t\t\t\n\t\t\t<li class=\"l-col-6@md l-col-4@lg \" data-filter=\"nyheter maj-2023\">\n\t\t\t\t<article class=\"c-card  has-media-zoom  \" data-variant=\"border\" data-style=\"square\" data-click-area>\n\t\t\t\t\t<div class=\"c-card__content l-stack l-stack-sm\">\n\n\t\t\t\t\t\t\t\t\t\t\t\t\t<time class=\"c-card__date u-font-small\" datetime=\"2023-05-31\">31 maj 2023<\/time>\n\t\t\t\t\t\t\n\t\t\t\t\t\t\t\t\t\t\t\t\t<h3 class=\"c-card__title u-font-title-3\">\n\t\t\t\t\t\t\t\t\t\t\t\t\t\t\t\t\t<a class=\"c-card__link\" href=\"https:\/\/lbs.se\/halmstad\/news\/lokal\/3-anledningar-till-teknikprogrammet\">\n\t\t\t\t\t\t\t\t\t\t3 ANLEDNINGAR TILL TEKNIKPROGRAMMET\n\t\t\t\t\t\t\t\t\t<\/a>\n\t\t\t\t\t\t\t\t\t\t\t\t\t\t\t<\/h3>\n\t\t\t\t\t\t\n\t\t\t\t\t\t\t\t\t\t\t\t\t<p class=\"c-card__text l-stack-xs u-font-body\">\n\t\t\t\t\t\t\t\tN\u00e4r framtidsspanarna siar om framtidens yrken \u00e4r det en bransch som st\u00e4ndigt \u00e4r &#8230;\n\t\t\t\t\t\t\t<\/p>\n\t\t\t\t\t\t\n\t\t\t\t\t\t\t\t\t\t\t\t\t<ul class=\"c-card__tags l-stack-grow u-list-none u-pt-md\" aria-label=\"Kategorier\">\n\t\t\t\t\t\t\t\t\t\t\t\t\t\t\t\t\t<li><span class=\"c-tag\" data-variant=\"outline\">Nyheter<\/span><\/li>\n\t\t\t\t\t\t\t\t\t\t\t\t\t\t\t<\/ul>\n\t\t\t\t\t\t\n\t\t\t\t\t\t<div class=\"c-card__icon\">\n\t\t\t\t\t\t\t\t\t\t\t\t\t\t<svg class=\"ams-icon ams-icon--arrow-right\" width=\"32\" height=\"32\" viewbox=\"0 0 32 32\" fill=\"currentColor\" aria-hidden=\"true\" xmlns=\"http:\/\/www.w3.org\/2000\/svg\">\n\t\t\t\t\t\t\t\t<path d=\"M19.3034 28L15.7415 24.4853L20.1077 20.2336L22.8079 17.966L22.7505 17.7392L17.6374 18.0794H0V12.8639H17.6374L22.7505 13.2041L22.8079 12.9773L20.1077 10.7098L15.7415 6.51474L19.3034 3L32 15.5283L19.3034 28Z\"\/>\n\t\t\t\t\t\t\t<\/svg>\n\t\t\t\t\t\t<\/div>\n\t\t\t\t\t<\/div>\n\n\t\t\t\t\t<div class=\"c-card__media \" style=\" \">\n\t\t\t\t\t\t<img decoding=\"async\" width=\"400\" height=\"400\" src=\"https:\/\/lbs.se\/wp-content\/uploads\/2023\/05\/lbs-3-anledningar-till-varfor-du-ska-lasa-teknikprogrammet-202304-400x400.jpg\" class=\"attachment-sm size-sm\" alt=\"Tv\u00e5 elever p\u00e5 teknikprogrammet kodar p\u00e5 dator.\" sizes=\"(min-width: 64em) 300px, (min-width: 48em) calc(.50 * (100vw - 224px)), calc(100vw - 160px)\" srcset=\"https:\/\/lbs.se\/wp-content\/uploads\/2023\/05\/lbs-3-anledningar-till-varfor-du-ska-lasa-teknikprogrammet-202304-400x400.jpg 400w, https:\/\/lbs.se\/wp-content\/uploads\/2023\/05\/lbs-3-anledningar-till-varfor-du-ska-lasa-teknikprogrammet-202304-150x150.jpg 150w, https:\/\/lbs.se\/wp-content\/uploads\/2023\/05\/lbs-3-anledningar-till-varfor-du-ska-lasa-teknikprogrammet-202304-300x300.jpg 300w, https:\/\/lbs.se\/wp-content\/uploads\/2023\/05\/lbs-3-anledningar-till-varfor-du-ska-lasa-teknikprogrammet-202304-600x600.jpg 600w, https:\/\/lbs.se\/wp-content\/uploads\/2023\/05\/lbs-3-anledningar-till-varfor-du-ska-lasa-teknikprogrammet-202304-800x800.jpg 800w, https:\/\/lbs.se\/wp-content\/uploads\/2023\/05\/lbs-3-anledningar-till-varfor-du-ska-lasa-teknikprogrammet-202304-1024x1024.jpg 1024w, https:\/\/lbs.se\/wp-content\/uploads\/2023\/05\/lbs-3-anledningar-till-varfor-du-ska-lasa-teknikprogrammet-202304.jpg 1200w\" \/>\n\t\t\t\t\t<\/div>\n\t\t\t\t<\/article>\n\t\t\t<\/li>\n\t\t\t\t\t\t\t\t\t\t\t\t\t\t\t\t\t\n\t\t\t\n\t\t\t\n\t\t\t<li class=\"l-col-6@md l-col-4@lg \" data-filter=\"nyheter maj-2023\">\n\t\t\t\t<article class=\"c-card  has-media-zoom  \" data-variant=\"border\" data-style=\"square\" data-click-area>\n\t\t\t\t\t<div class=\"c-card__content l-stack l-stack-sm\">\n\n\t\t\t\t\t\t\t\t\t\t\t\t\t<time class=\"c-card__date u-font-small\" datetime=\"2023-05-31\">31 maj 2023<\/time>\n\t\t\t\t\t\t\n\t\t\t\t\t\t\t\t\t\t\t\t\t<h3 class=\"c-card__title u-font-title-3\">\n\t\t\t\t\t\t\t\t\t\t\t\t\t\t\t\t\t<a class=\"c-card__link\" href=\"https:\/\/lbs.se\/halmstad\/news\/lokal\/extended-reality\">\n\t\t\t\t\t\t\t\t\t\tLBS EXTENDED REALITY\n\t\t\t\t\t\t\t\t\t<\/a>\n\t\t\t\t\t\t\t\t\t\t\t\t\t\t\t<\/h3>\n\t\t\t\t\t\t\n\t\t\t\t\t\t\t\t\t\t\t\t\t<p class=\"c-card__text l-stack-xs u-font-body\">\n\t\t\t\t\t\t\t\tLBS Extended Reality \u00e4r en spetsf\u00f6rdjupning som g\u00e5r att v\u00e4lja till i individuell&#8230;\n\t\t\t\t\t\t\t<\/p>\n\t\t\t\t\t\t\n\t\t\t\t\t\t\t\t\t\t\t\t\t<ul class=\"c-card__tags l-stack-grow u-list-none u-pt-md\" aria-label=\"Kategorier\">\n\t\t\t\t\t\t\t\t\t\t\t\t\t\t\t\t\t<li><span class=\"c-tag\" data-variant=\"outline\">Nyheter<\/span><\/li>\n\t\t\t\t\t\t\t\t\t\t\t\t\t\t\t<\/ul>\n\t\t\t\t\t\t\n\t\t\t\t\t\t<div class=\"c-card__icon\">\n\t\t\t\t\t\t\t\t\t\t\t\t\t\t<svg class=\"ams-icon ams-icon--arrow-right\" width=\"32\" height=\"32\" viewbox=\"0 0 32 32\" fill=\"currentColor\" aria-hidden=\"true\" xmlns=\"http:\/\/www.w3.org\/2000\/svg\">\n\t\t\t\t\t\t\t\t<path d=\"M19.3034 28L15.7415 24.4853L20.1077 20.2336L22.8079 17.966L22.7505 17.7392L17.6374 18.0794H0V12.8639H17.6374L22.7505 13.2041L22.8079 12.9773L20.1077 10.7098L15.7415 6.51474L19.3034 3L32 15.5283L19.3034 28Z\"\/>\n\t\t\t\t\t\t\t<\/svg>\n\t\t\t\t\t\t<\/div>\n\t\t\t\t\t<\/div>\n\n\t\t\t\t\t<div class=\"c-card__media \" style=\" \">\n\t\t\t\t\t\t<img decoding=\"async\" width=\"400\" height=\"267\" src=\"https:\/\/lbs.se\/wp-content\/uploads\/2022\/09\/lbs-extended-reality-202304-400x267.jpg\" class=\"attachment-sm size-sm\" alt=\"Elev har VR-glas\u00f6gon i rosa rum.\" sizes=\"(min-width: 64em) 300px, (min-width: 48em) calc(.50 * (100vw - 224px)), calc(100vw - 160px)\" srcset=\"https:\/\/lbs.se\/wp-content\/uploads\/2022\/09\/lbs-extended-reality-202304-400x267.jpg 400w, https:\/\/lbs.se\/wp-content\/uploads\/2022\/09\/lbs-extended-reality-202304-300x200.jpg 300w, https:\/\/lbs.se\/wp-content\/uploads\/2022\/09\/lbs-extended-reality-202304-600x400.jpg 600w, https:\/\/lbs.se\/wp-content\/uploads\/2022\/09\/lbs-extended-reality-202304-800x533.jpg 800w, https:\/\/lbs.se\/wp-content\/uploads\/2022\/09\/lbs-extended-reality-202304-1024x683.jpg 1024w, https:\/\/lbs.se\/wp-content\/uploads\/2022\/09\/lbs-extended-reality-202304-1200x800.jpg 1200w, https:\/\/lbs.se\/wp-content\/uploads\/2022\/09\/lbs-extended-reality-202304.jpg 2048w\" \/>\n\t\t\t\t\t<\/div>\n\t\t\t\t<\/article>\n\t\t\t<\/li>\n\t\t\t\t\t\t\t\t\t\t\t\t\t\t\t\t\t\n\t\t\t\n\t\t\t\n\t\t\t<li class=\"l-col-6@md l-col-4@lg \" data-filter=\"nyheter februari-2023\">\n\t\t\t\t<article class=\"c-card  has-media-zoom  \" data-variant=\"border\" data-style=\"square\" data-click-area>\n\t\t\t\t\t<div class=\"c-card__content l-stack l-stack-sm\">\n\n\t\t\t\t\t\t\t\t\t\t\t\t\t<time class=\"c-card__date u-font-small\" datetime=\"2023-02-16\">16 februari 2023<\/time>\n\t\t\t\t\t\t\n\t\t\t\t\t\t\t\t\t\t\t\t\t<h3 class=\"c-card__title u-font-title-3\">\n\t\t\t\t\t\t\t\t\t\t\t\t\t\t\t\t\t<a class=\"c-card__link\" href=\"https:\/\/lbs.se\/halmstad\/news\/lokal\/5-anledningar-till-lbs-kreativa-gymnasiet\">\n\t\t\t\t\t\t\t\t\t\t5 ANLEDNINGAR TILL VARF\u00d6R LBS\n\t\t\t\t\t\t\t\t\t<\/a>\n\t\t\t\t\t\t\t\t\t\t\t\t\t\t\t<\/h3>\n\t\t\t\t\t\t\n\t\t\t\t\t\t\t\t\t\t\t\t\t<p class=\"c-card__text l-stack-xs u-font-body\">\n\t\t\t\t\t\t\t\tP\u00e5 LBS f\u00e5r du b\u00e5de h\u00f6gskolebeh\u00f6righet och anv\u00e4ndbara praktiska f\u00e4rdigheter. Oavs&#8230;\n\t\t\t\t\t\t\t<\/p>\n\t\t\t\t\t\t\n\t\t\t\t\t\t\t\t\t\t\t\t\t<ul class=\"c-card__tags l-stack-grow u-list-none u-pt-md\" aria-label=\"Kategorier\">\n\t\t\t\t\t\t\t\t\t\t\t\t\t\t\t\t\t<li><span class=\"c-tag\" data-variant=\"outline\">Nyheter<\/span><\/li>\n\t\t\t\t\t\t\t\t\t\t\t\t\t\t\t<\/ul>\n\t\t\t\t\t\t\n\t\t\t\t\t\t<div class=\"c-card__icon\">\n\t\t\t\t\t\t\t\t\t\t\t\t\t\t<svg class=\"ams-icon ams-icon--arrow-right\" width=\"32\" height=\"32\" viewbox=\"0 0 32 32\" fill=\"currentColor\" aria-hidden=\"true\" xmlns=\"http:\/\/www.w3.org\/2000\/svg\">\n\t\t\t\t\t\t\t\t<path d=\"M19.3034 28L15.7415 24.4853L20.1077 20.2336L22.8079 17.966L22.7505 17.7392L17.6374 18.0794H0V12.8639H17.6374L22.7505 13.2041L22.8079 12.9773L20.1077 10.7098L15.7415 6.51474L19.3034 3L32 15.5283L19.3034 28Z\"\/>\n\t\t\t\t\t\t\t<\/svg>\n\t\t\t\t\t\t<\/div>\n\t\t\t\t\t<\/div>\n\n\t\t\t\t\t<div class=\"c-card__media \" style=\" \">\n\t\t\t\t\t\t<img decoding=\"async\" width=\"400\" height=\"400\" src=\"https:\/\/lbs.se\/wp-content\/uploads\/2023\/02\/lbs-5-anledningar-3-400x400.png\" class=\"attachment-sm size-sm\" alt=\"5 anledningar till varf\u00f6r LBS.\" sizes=\"(min-width: 64em) 300px, (min-width: 48em) calc(.50 * (100vw - 224px)), calc(100vw - 160px)\" srcset=\"https:\/\/lbs.se\/wp-content\/uploads\/2023\/02\/lbs-5-anledningar-3-400x400.png 400w, https:\/\/lbs.se\/wp-content\/uploads\/2023\/02\/lbs-5-anledningar-3-150x150.png 150w, https:\/\/lbs.se\/wp-content\/uploads\/2023\/02\/lbs-5-anledningar-3-300x300.png 300w, https:\/\/lbs.se\/wp-content\/uploads\/2023\/02\/lbs-5-anledningar-3-600x600.png 600w, https:\/\/lbs.se\/wp-content\/uploads\/2023\/02\/lbs-5-anledningar-3.png 700w\" \/>\n\t\t\t\t\t<\/div>\n\t\t\t\t<\/article>\n\t\t\t<\/li>\n\t\t\t\t\t\t\t\t\t\t\t\t\t\t\t\t\t\n\t\t\t\n\t\t\t\n\t\t\t<li class=\"l-col-6@md l-col-4@lg \" data-filter=\"elevintervju november-2022\">\n\t\t\t\t<article class=\"c-card  has-media-zoom  \" data-variant=\"border\" data-style=\"square\" data-click-area>\n\t\t\t\t\t<div class=\"c-card__content l-stack l-stack-sm\">\n\n\t\t\t\t\t\t\t\t\t\t\t\t\t<time class=\"c-card__date u-font-small\" datetime=\"2022-11-30\">30 november 2022<\/time>\n\t\t\t\t\t\t\n\t\t\t\t\t\t\t\t\t\t\t\t\t<h3 class=\"c-card__title u-font-title-3\">\n\t\t\t\t\t\t\t\t\t\t\t\t\t\t\t\t\t<a class=\"c-card__link\" href=\"https:\/\/lbs.se\/halmstad\/news\/lokal\/vi-gor-vart-egna-spel\">\n\t\t\t\t\t\t\t\t\t\t\u201dVI G\u00d6R V\u00c5RT EGNA SPEL\u201d\n\t\t\t\t\t\t\t\t\t<\/a>\n\t\t\t\t\t\t\t\t\t\t\t\t\t\t\t<\/h3>\n\t\t\t\t\t\t\n\t\t\t\t\t\t\t\t\t\t\t\t\t<p class=\"c-card__text l-stack-xs u-font-body\">\n\t\t\t\t\t\t\t\tHanna g\u00e5r f\u00f6rsta \u00e5ret p\u00e5 LBS Malm\u00f6 spelgrafik. I Intervjun ber\u00e4ttar hon bland an&#8230;\n\t\t\t\t\t\t\t<\/p>\n\t\t\t\t\t\t\n\t\t\t\t\t\t\t\t\t\t\t\t\t<ul class=\"c-card__tags l-stack-grow u-list-none u-pt-md\" aria-label=\"Kategorier\">\n\t\t\t\t\t\t\t\t\t\t\t\t\t\t\t\t\t<li><span class=\"c-tag\" data-variant=\"outline\">Elevintervju<\/span><\/li>\n\t\t\t\t\t\t\t\t\t\t\t\t\t\t\t<\/ul>\n\t\t\t\t\t\t\n\t\t\t\t\t\t<div class=\"c-card__icon\">\n\t\t\t\t\t\t\t\t\t\t\t\t\t\t<svg class=\"ams-icon ams-icon--arrow-right\" width=\"32\" height=\"32\" viewbox=\"0 0 32 32\" fill=\"currentColor\" aria-hidden=\"true\" xmlns=\"http:\/\/www.w3.org\/2000\/svg\">\n\t\t\t\t\t\t\t\t<path d=\"M19.3034 28L15.7415 24.4853L20.1077 20.2336L22.8079 17.966L22.7505 17.7392L17.6374 18.0794H0V12.8639H17.6374L22.7505 13.2041L22.8079 12.9773L20.1077 10.7098L15.7415 6.51474L19.3034 3L32 15.5283L19.3034 28Z\"\/>\n\t\t\t\t\t\t\t<\/svg>\n\t\t\t\t\t\t<\/div>\n\t\t\t\t\t<\/div>\n\n\t\t\t\t\t<div class=\"c-card__media \" style=\" \">\n\t\t\t\t\t\t<img decoding=\"async\" width=\"400\" height=\"442\" src=\"https:\/\/lbs.se\/wp-content\/uploads\/2023\/05\/lbs-hanna-elev-2022-e1685545140814-400x442.jpeg\" class=\"attachment-sm size-sm\" alt=\"Hanna, elev.\" sizes=\"(min-width: 64em) 300px, (min-width: 48em) calc(.50 * (100vw - 224px)), calc(100vw - 160px)\" srcset=\"https:\/\/lbs.se\/wp-content\/uploads\/2023\/05\/lbs-hanna-elev-2022-e1685545140814-400x442.jpeg 400w, https:\/\/lbs.se\/wp-content\/uploads\/2023\/05\/lbs-hanna-elev-2022-e1685545140814-300x332.jpeg 300w, https:\/\/lbs.se\/wp-content\/uploads\/2023\/05\/lbs-hanna-elev-2022-e1685545140814-600x664.jpeg 600w, https:\/\/lbs.se\/wp-content\/uploads\/2023\/05\/lbs-hanna-elev-2022-e1685545140814.jpeg 744w\" \/>\n\t\t\t\t\t<\/div>\n\t\t\t\t<\/article>\n\t\t\t<\/li>\n\t\t\t\t\t\t\t\t\t\t\t\t\t\t\t\t\t\n\t\t\t\n\t\t\t\n\t\t\t<li class=\"l-col-6@md l-col-4@lg \" data-filter=\"alumn oktober-2022\">\n\t\t\t\t<article class=\"c-card  has-media-zoom  \" data-variant=\"border\" data-style=\"square\" data-click-area>\n\t\t\t\t\t<div class=\"c-card__content l-stack l-stack-sm\">\n\n\t\t\t\t\t\t\t\t\t\t\t\t\t<time class=\"c-card__date u-font-small\" datetime=\"2022-10-04\">4 oktober 2022<\/time>\n\t\t\t\t\t\t\n\t\t\t\t\t\t\t\t\t\t\t\t\t<h3 class=\"c-card__title u-font-title-3\">\n\t\t\t\t\t\t\t\t\t\t\t\t\t\t\t\t\t<a class=\"c-card__link\" href=\"https:\/\/lbs.se\/halmstad\/news\/lokal\/lbs-gav-mig-en-stadig-grund\">\n\t\t\t\t\t\t\t\t\t\t\u201dLBS GAV MIG EN STADIG GRUND\u201d\n\t\t\t\t\t\t\t\t\t<\/a>\n\t\t\t\t\t\t\t\t\t\t\t\t\t\t\t<\/h3>\n\t\t\t\t\t\t\n\t\t\t\t\t\t\t\t\t\t\t\t\t<p class=\"c-card__text l-stack-xs u-font-body\">\n\t\t\t\t\t\t\t\tPhilip tog studenten fr\u00e5n LBS \u00d6rebro 2021 och pluggar idag datateknik p\u00e5 \u00d6rebros&#8230;\n\t\t\t\t\t\t\t<\/p>\n\t\t\t\t\t\t\n\t\t\t\t\t\t\t\t\t\t\t\t\t<ul class=\"c-card__tags l-stack-grow u-list-none u-pt-md\" aria-label=\"Kategorier\">\n\t\t\t\t\t\t\t\t\t\t\t\t\t\t\t\t\t<li><span class=\"c-tag\" data-variant=\"outline\">Alumn<\/span><\/li>\n\t\t\t\t\t\t\t\t\t\t\t\t\t\t\t<\/ul>\n\t\t\t\t\t\t\n\t\t\t\t\t\t<div class=\"c-card__icon\">\n\t\t\t\t\t\t\t\t\t\t\t\t\t\t<svg class=\"ams-icon ams-icon--arrow-right\" width=\"32\" height=\"32\" viewbox=\"0 0 32 32\" fill=\"currentColor\" aria-hidden=\"true\" xmlns=\"http:\/\/www.w3.org\/2000\/svg\">\n\t\t\t\t\t\t\t\t<path d=\"M19.3034 28L15.7415 24.4853L20.1077 20.2336L22.8079 17.966L22.7505 17.7392L17.6374 18.0794H0V12.8639H17.6374L22.7505 13.2041L22.8079 12.9773L20.1077 10.7098L15.7415 6.51474L19.3034 3L32 15.5283L19.3034 28Z\"\/>\n\t\t\t\t\t\t\t<\/svg>\n\t\t\t\t\t\t<\/div>\n\t\t\t\t\t<\/div>\n\n\t\t\t\t\t<div class=\"c-card__media \" style=\" \">\n\t\t\t\t\t\t<img decoding=\"async\" width=\"200\" height=\"157\" src=\"https:\/\/lbs.se\/wp-content\/uploads\/2023\/05\/lbs-philip-alumn-2022.jpeg\" class=\"attachment-sm size-sm\" alt=\"Philip, alumn.\" sizes=\"(min-width: 64em) 300px, (min-width: 48em) calc(.50 * (100vw - 224px)), calc(100vw - 160px)\" \/>\n\t\t\t\t\t<\/div>\n\t\t\t\t<\/article>\n\t\t\t<\/li>\n\t\t\t\t\t\t\t\t\t\t\t\t\t\t\t\t\t\n\t\t\t\n\t\t\t\n\t\t\t<li class=\"l-col-6@md l-col-4@lg \" data-filter=\"alumn augusti-2022\">\n\t\t\t\t<article class=\"c-card  has-media-zoom  \" data-variant=\"border\" data-style=\"square\" data-click-area>\n\t\t\t\t\t<div class=\"c-card__content l-stack l-stack-sm\">\n\n\t\t\t\t\t\t\t\t\t\t\t\t\t<time class=\"c-card__date u-font-small\" datetime=\"2022-08-31\">31 augusti 2022<\/time>\n\t\t\t\t\t\t\n\t\t\t\t\t\t\t\t\t\t\t\t\t<h3 class=\"c-card__title u-font-title-3\">\n\t\t\t\t\t\t\t\t\t\t\t\t\t\t\t\t\t<a class=\"c-card__link\" href=\"https:\/\/lbs.se\/halmstad\/news\/lokal\/lbs-alumn-fotograf\">\n\t\t\t\t\t\t\t\t\t\t\u201dJAG HAR V\u00c4RLDENS B\u00c4STA JOBB\u201d\n\t\t\t\t\t\t\t\t\t<\/a>\n\t\t\t\t\t\t\t\t\t\t\t\t\t\t\t<\/h3>\n\t\t\t\t\t\t\n\t\t\t\t\t\t\t\t\t\t\t\t\t<p class=\"c-card__text l-stack-xs u-font-body\">\n\t\t\t\t\t\t\t\tClaes tog studenten fr\u00e5n LBS Nyk\u00f6ping 2014 d\u00e4r han gick inriktningen Foto &#038; film&#8230;\n\t\t\t\t\t\t\t<\/p>\n\t\t\t\t\t\t\n\t\t\t\t\t\t\t\t\t\t\t\t\t<ul class=\"c-card__tags l-stack-grow u-list-none u-pt-md\" aria-label=\"Kategorier\">\n\t\t\t\t\t\t\t\t\t\t\t\t\t\t\t\t\t<li><span class=\"c-tag\" data-variant=\"outline\">Alumn<\/span><\/li>\n\t\t\t\t\t\t\t\t\t\t\t\t\t\t\t<\/ul>\n\t\t\t\t\t\t\n\t\t\t\t\t\t<div class=\"c-card__icon\">\n\t\t\t\t\t\t\t\t\t\t\t\t\t\t<svg class=\"ams-icon ams-icon--arrow-right\" width=\"32\" height=\"32\" viewbox=\"0 0 32 32\" fill=\"currentColor\" aria-hidden=\"true\" xmlns=\"http:\/\/www.w3.org\/2000\/svg\">\n\t\t\t\t\t\t\t\t<path d=\"M19.3034 28L15.7415 24.4853L20.1077 20.2336L22.8079 17.966L22.7505 17.7392L17.6374 18.0794H0V12.8639H17.6374L22.7505 13.2041L22.8079 12.9773L20.1077 10.7098L15.7415 6.51474L19.3034 3L32 15.5283L19.3034 28Z\"\/>\n\t\t\t\t\t\t\t<\/svg>\n\t\t\t\t\t\t<\/div>\n\t\t\t\t\t<\/div>\n\n\t\t\t\t\t<div class=\"c-card__media \" style=\" \">\n\t\t\t\t\t\t<img decoding=\"async\" width=\"400\" height=\"370\" src=\"https:\/\/lbs.se\/wp-content\/uploads\/2023\/05\/lbs-claes-alumn-fotograf-jobb-direkt-400x370.jpeg\" class=\"attachment-sm size-sm\" alt=\"Claes, f\u00f6redetta elev.\" sizes=\"(min-width: 64em) 300px, (min-width: 48em) calc(.50 * (100vw - 224px)), calc(100vw - 160px)\" srcset=\"https:\/\/lbs.se\/wp-content\/uploads\/2023\/05\/lbs-claes-alumn-fotograf-jobb-direkt-400x370.jpeg 400w, https:\/\/lbs.se\/wp-content\/uploads\/2023\/05\/lbs-claes-alumn-fotograf-jobb-direkt-300x278.jpeg 300w, https:\/\/lbs.se\/wp-content\/uploads\/2023\/05\/lbs-claes-alumn-fotograf-jobb-direkt-600x555.jpeg 600w, https:\/\/lbs.se\/wp-content\/uploads\/2023\/05\/lbs-claes-alumn-fotograf-jobb-direkt-800x741.jpeg 800w, https:\/\/lbs.se\/wp-content\/uploads\/2023\/05\/lbs-claes-alumn-fotograf-jobb-direkt.jpeg 1024w\" \/>\n\t\t\t\t\t<\/div>\n\t\t\t\t<\/article>\n\t\t\t<\/li>\n\t\t\t\t\t\t\t\t\t\t\t\t\t\t\t\t\t\n\t\t\t\n\t\t\t\n\t\t\t<li class=\"l-col-6@md l-col-4@lg \" data-filter=\"elevintervju juni-2022\">\n\t\t\t\t<article class=\"c-card  has-media-zoom  \" data-variant=\"border\" data-style=\"square\" data-click-area>\n\t\t\t\t\t<div class=\"c-card__content l-stack l-stack-sm\">\n\n\t\t\t\t\t\t\t\t\t\t\t\t\t<time class=\"c-card__date u-font-small\" datetime=\"2022-06-30\">30 juni 2022<\/time>\n\t\t\t\t\t\t\n\t\t\t\t\t\t\t\t\t\t\t\t\t<h3 class=\"c-card__title u-font-title-3\">\n\t\t\t\t\t\t\t\t\t\t\t\t\t\t\t\t\t<a class=\"c-card__link\" href=\"https:\/\/lbs.se\/halmstad\/news\/lokal\/programmering-pa-gymnasiet\">\n\t\t\t\t\t\t\t\t\t\t\u201dJAG F\u00c5R H\u00c5LLA P\u00c5 MED DET JAG \u00c4LSKAR ATT G\u00d6RA\u201d\n\t\t\t\t\t\t\t\t\t<\/a>\n\t\t\t\t\t\t\t\t\t\t\t\t\t\t\t<\/h3>\n\t\t\t\t\t\t\n\t\t\t\t\t\t\t\t\t\t\t\t\t<p class=\"c-card__text l-stack-xs u-font-body\">\n\t\t\t\t\t\t\t\tHannes g\u00e5r i tv\u00e5an p\u00e5 LBS J\u00f6nk\u00f6ping och pluggar App- och webbutveckling. H\u00e4r ber&#8230;\n\t\t\t\t\t\t\t<\/p>\n\t\t\t\t\t\t\n\t\t\t\t\t\t\t\t\t\t\t\t\t<ul class=\"c-card__tags l-stack-grow u-list-none u-pt-md\" aria-label=\"Kategorier\">\n\t\t\t\t\t\t\t\t\t\t\t\t\t\t\t\t\t<li><span class=\"c-tag\" data-variant=\"outline\">Elevintervju<\/span><\/li>\n\t\t\t\t\t\t\t\t\t\t\t\t\t\t\t<\/ul>\n\t\t\t\t\t\t\n\t\t\t\t\t\t<div class=\"c-card__icon\">\n\t\t\t\t\t\t\t\t\t\t\t\t\t\t<svg class=\"ams-icon ams-icon--arrow-right\" width=\"32\" height=\"32\" viewbox=\"0 0 32 32\" fill=\"currentColor\" aria-hidden=\"true\" xmlns=\"http:\/\/www.w3.org\/2000\/svg\">\n\t\t\t\t\t\t\t\t<path d=\"M19.3034 28L15.7415 24.4853L20.1077 20.2336L22.8079 17.966L22.7505 17.7392L17.6374 18.0794H0V12.8639H17.6374L22.7505 13.2041L22.8079 12.9773L20.1077 10.7098L15.7415 6.51474L19.3034 3L32 15.5283L19.3034 28Z\"\/>\n\t\t\t\t\t\t\t<\/svg>\n\t\t\t\t\t\t<\/div>\n\t\t\t\t\t<\/div>\n\n\t\t\t\t\t<div class=\"c-card__media \" style=\" \">\n\t\t\t\t\t\t<img decoding=\"async\" width=\"400\" height=\"263\" src=\"https:\/\/lbs.se\/wp-content\/uploads\/2023\/05\/lbs-hannes-elev-2022-400x263.png\" class=\"attachment-sm size-sm\" alt=\"Eleven Hannes.\" sizes=\"(min-width: 64em) 300px, (min-width: 48em) calc(.50 * (100vw - 224px)), calc(100vw - 160px)\" srcset=\"https:\/\/lbs.se\/wp-content\/uploads\/2023\/05\/lbs-hannes-elev-2022-400x263.png 400w, https:\/\/lbs.se\/wp-content\/uploads\/2023\/05\/lbs-hannes-elev-2022-300x198.png 300w, https:\/\/lbs.se\/wp-content\/uploads\/2023\/05\/lbs-hannes-elev-2022-600x395.png 600w, https:\/\/lbs.se\/wp-content\/uploads\/2023\/05\/lbs-hannes-elev-2022.png 738w\" \/>\n\t\t\t\t\t<\/div>\n\t\t\t\t<\/article>\n\t\t\t<\/li>\n\t\t\t\t\t\t\t\t\t\t\t\t\t\t\t\t\t\n\t\t\t\n\t\t\t\n\t\t\t<li class=\"l-col-6@md l-col-4@lg \" data-filter=\"nyheter maj-2022\">\n\t\t\t\t<article class=\"c-card  has-media-zoom  \" data-variant=\"border\" data-style=\"square\" data-click-area>\n\t\t\t\t\t<div class=\"c-card__content l-stack l-stack-sm\">\n\n\t\t\t\t\t\t\t\t\t\t\t\t\t<time class=\"c-card__date u-font-small\" datetime=\"2022-05-04\">4 maj 2022<\/time>\n\t\t\t\t\t\t\n\t\t\t\t\t\t\t\t\t\t\t\t\t<h3 class=\"c-card__title u-font-title-3\">\n\t\t\t\t\t\t\t\t\t\t\t\t\t\t\t\t\t<a class=\"c-card__link\" href=\"https:\/\/lbs.se\/halmstad\/news\/lokal\/lbs-mama-2022\">\n\t\t\t\t\t\t\t\t\t\tLBS MAMA 2022\n\t\t\t\t\t\t\t\t\t<\/a>\n\t\t\t\t\t\t\t\t\t\t\t\t\t\t\t<\/h3>\n\t\t\t\t\t\t\n\t\t\t\t\t\t\t\t\t\t\t\t\t<p class=\"c-card__text l-stack-xs u-font-body\">\n\t\t\t\t\t\t\t\tCulturum i Nyk\u00f6ping fylldes av kreativa gymnasieelever fr\u00e5n landets alla LBS-sko&#8230;\n\t\t\t\t\t\t\t<\/p>\n\t\t\t\t\t\t\n\t\t\t\t\t\t\t\t\t\t\t\t\t<ul class=\"c-card__tags l-stack-grow u-list-none u-pt-md\" aria-label=\"Kategorier\">\n\t\t\t\t\t\t\t\t\t\t\t\t\t\t\t\t\t<li><span class=\"c-tag\" data-variant=\"outline\">Nyheter<\/span><\/li>\n\t\t\t\t\t\t\t\t\t\t\t\t\t\t\t<\/ul>\n\t\t\t\t\t\t\n\t\t\t\t\t\t<div class=\"c-card__icon\">\n\t\t\t\t\t\t\t\t\t\t\t\t\t\t<svg class=\"ams-icon ams-icon--arrow-right\" width=\"32\" height=\"32\" viewbox=\"0 0 32 32\" fill=\"currentColor\" aria-hidden=\"true\" xmlns=\"http:\/\/www.w3.org\/2000\/svg\">\n\t\t\t\t\t\t\t\t<path d=\"M19.3034 28L15.7415 24.4853L20.1077 20.2336L22.8079 17.966L22.7505 17.7392L17.6374 18.0794H0V12.8639H17.6374L22.7505 13.2041L22.8079 12.9773L20.1077 10.7098L15.7415 6.51474L19.3034 3L32 15.5283L19.3034 28Z\"\/>\n\t\t\t\t\t\t\t<\/svg>\n\t\t\t\t\t\t<\/div>\n\t\t\t\t\t<\/div>\n\n\t\t\t\t\t<div class=\"c-card__media \" style=\" \">\n\t\t\t\t\t\t<img decoding=\"async\" width=\"400\" height=\"256\" src=\"https:\/\/lbs.se\/wp-content\/uploads\/2022\/05\/lbsmama2022-400x256.png\" class=\"attachment-sm size-sm\" alt=\"Music Media Awards logga 2022.\" sizes=\"(min-width: 64em) 300px, (min-width: 48em) calc(.50 * (100vw - 224px)), calc(100vw - 160px)\" srcset=\"https:\/\/lbs.se\/wp-content\/uploads\/2022\/05\/lbsmama2022-400x256.png 400w, https:\/\/lbs.se\/wp-content\/uploads\/2022\/05\/lbsmama2022-300x192.png 300w, https:\/\/lbs.se\/wp-content\/uploads\/2022\/05\/lbsmama2022-600x384.png 600w, https:\/\/lbs.se\/wp-content\/uploads\/2022\/05\/lbsmama2022-800x512.png 800w, https:\/\/lbs.se\/wp-content\/uploads\/2022\/05\/lbsmama2022.png 1024w\" \/>\n\t\t\t\t\t<\/div>\n\t\t\t\t<\/article>\n\t\t\t<\/li>\n\t\t\t<\/ul>\n\n\t<div class=\"no-results u-mt-0 u-hide\" data-filter-fallback-id=\"ams-article-list-69f2d2ed47be4\">\n\t<p>Det finns inga resultat som matchar din filtrering.<\/p>\n<\/div>\n\n\t\n\n\t\t\n\t\t\t<\/div>\n\n\t\t\n\n<\/section>\n","protected":false},"template":"","article_category":[17],"yoast_head":"<!-- This site is optimized with the Yoast SEO plugin v22.0 - https:\/\/yoast.com\/wordpress\/plugins\/seo\/ -->\n<title>Halmstad<\/title>\n<meta name=\"description\" content=\"Elin Albinsson g\u00e5r nu tredje \u00e5ret p\u00e5 Teknikprogrammet, Arkitektur och samh\u00e4llsbyggnad p\u00e5 LBS Kreativa Gymnasiet Halmstad.\" \/>\n<meta name=\"robots\" content=\"index, follow, max-snippet:-1, max-image-preview:large, max-video-preview:-1\" \/>\n<link rel=\"canonical\" href=\"https:\/\/lbs.se\/halmstad\/news\/elevintervju-elin\/\" \/>\n<meta property=\"og:locale\" content=\"sv_SE\" \/>\n<meta property=\"og:type\" content=\"article\" \/>\n<meta property=\"og:description\" content=\"Elin Albinsson g\u00e5r nu tredje \u00e5ret p\u00e5 Teknikprogrammet, Arkitektur och samh\u00e4llsbyggnad p\u00e5 LBS Kreativa Gymnasiet Halmstad.\" \/>\n<meta property=\"og:url\" content=\"https:\/\/lbs.se\/halmstad\/news\/elevintervju-elin\/\" \/>\n<meta property=\"og:site_name\" content=\"Halmstad\" \/>\n<meta property=\"article:modified_time\" content=\"2024-07-05T12:38:31+00:00\" \/>\n<meta name=\"twitter:card\" content=\"summary_large_image\" \/>\n<meta name=\"twitter:description\" content=\"Elin Albinsson g\u00e5r nu tredje \u00e5ret p\u00e5 Teknikprogrammet, Arkitektur och samh\u00e4llsbyggnad p\u00e5 LBS Kreativa Gymnasiet Halmstad.\" \/>\n<meta name=\"twitter:image\" content=\"https:\/\/lbs.se\/wp-content\/uploads\/sites\/10\/2024\/07\/elinhalmstad2024.png\" \/>\n<meta name=\"twitter:label1\" content=\"Ber\u00e4knad l\u00e4stid\" \/>\n\t<meta name=\"twitter:data1\" content=\"2 minuter\" \/>\n<script type=\"application\/ld+json\" class=\"yoast-schema-graph\">{\"@context\":\"https:\/\/schema.org\",\"@graph\":[{\"@type\":\"WebPage\",\"@id\":\"https:\/\/lbs.se\/halmstad\/news\/elevintervju-elin\/\",\"url\":\"https:\/\/lbs.se\/halmstad\/news\/elevintervju-elin\/\",\"name\":\"Elevintervju Elin - Halmstad\",\"isPartOf\":{\"@id\":\"https:\/\/lbs.se\/halmstad\/#website\"},\"datePublished\":\"2024-07-05T12:38:28+00:00\",\"dateModified\":\"2024-07-05T12:38:31+00:00\",\"description\":\"Elin Albinsson g\u00e5r nu tredje \u00e5ret p\u00e5 Teknikprogrammet, Arkitektur och samh\u00e4llsbyggnad p\u00e5 LBS Kreativa Gymnasiet Halmstad.\",\"breadcrumb\":{\"@id\":\"https:\/\/lbs.se\/halmstad\/news\/elevintervju-elin\/#breadcrumb\"},\"inLanguage\":\"sv-SE\",\"potentialAction\":[{\"@type\":\"ReadAction\",\"target\":[\"https:\/\/lbs.se\/halmstad\/news\/elevintervju-elin\/\"]}]},{\"@type\":\"BreadcrumbList\",\"@id\":\"https:\/\/lbs.se\/halmstad\/news\/elevintervju-elin\/#breadcrumb\",\"itemListElement\":[{\"@type\":\"ListItem\",\"position\":1,\"name\":\"Start\",\"item\":\"https:\/\/lbs.se\/halmstad\"},{\"@type\":\"ListItem\",\"position\":2,\"name\":\"Nyheter\"}]},{\"@type\":\"WebSite\",\"@id\":\"https:\/\/lbs.se\/halmstad\/#website\",\"url\":\"https:\/\/lbs.se\/halmstad\/\",\"name\":\"Halmstad\",\"description\":\"LBS Kreativa Gymnasiet\",\"potentialAction\":[{\"@type\":\"SearchAction\",\"target\":{\"@type\":\"EntryPoint\",\"urlTemplate\":\"https:\/\/lbs.se\/halmstad\/?s={search_term_string}\"},\"query-input\":\"required name=search_term_string\"}],\"inLanguage\":\"sv-SE\"}]}<\/script>\n<!-- \/ Yoast SEO plugin. -->","yoast_head_json":{"title":"Halmstad","description":"Elin Albinsson g\u00e5r nu tredje \u00e5ret p\u00e5 Teknikprogrammet, Arkitektur och samh\u00e4llsbyggnad p\u00e5 LBS Kreativa Gymnasiet Halmstad.","robots":{"index":"index","follow":"follow","max-snippet":"max-snippet:-1","max-image-preview":"max-image-preview:large","max-video-preview":"max-video-preview:-1"},"canonical":"https:\/\/lbs.se\/halmstad\/news\/elevintervju-elin\/","og_locale":"sv_SE","og_type":"article","og_description":"Elin Albinsson g\u00e5r nu tredje \u00e5ret p\u00e5 Teknikprogrammet, Arkitektur och samh\u00e4llsbyggnad p\u00e5 LBS Kreativa Gymnasiet Halmstad.","og_url":"https:\/\/lbs.se\/halmstad\/news\/elevintervju-elin\/","og_site_name":"Halmstad","article_modified_time":"2024-07-05T12:38:31+00:00","twitter_card":"summary_large_image","twitter_description":"Elin Albinsson g\u00e5r nu tredje \u00e5ret p\u00e5 Teknikprogrammet, Arkitektur och samh\u00e4llsbyggnad p\u00e5 LBS Kreativa Gymnasiet Halmstad.","twitter_image":"https:\/\/lbs.se\/wp-content\/uploads\/sites\/10\/2024\/07\/elinhalmstad2024.png","twitter_misc":{"Ber\u00e4knad l\u00e4stid":"2 minuter"},"schema":{"@context":"https:\/\/schema.org","@graph":[{"@type":"WebPage","@id":"https:\/\/lbs.se\/halmstad\/news\/elevintervju-elin\/","url":"https:\/\/lbs.se\/halmstad\/news\/elevintervju-elin\/","name":"Elevintervju Elin - Halmstad","isPartOf":{"@id":"https:\/\/lbs.se\/halmstad\/#website"},"datePublished":"2024-07-05T12:38:28+00:00","dateModified":"2024-07-05T12:38:31+00:00","description":"Elin Albinsson g\u00e5r nu tredje \u00e5ret p\u00e5 Teknikprogrammet, Arkitektur och samh\u00e4llsbyggnad p\u00e5 LBS Kreativa Gymnasiet Halmstad.","breadcrumb":{"@id":"https:\/\/lbs.se\/halmstad\/news\/elevintervju-elin\/#breadcrumb"},"inLanguage":"sv-SE","potentialAction":[{"@type":"ReadAction","target":["https:\/\/lbs.se\/halmstad\/news\/elevintervju-elin\/"]}]},{"@type":"BreadcrumbList","@id":"https:\/\/lbs.se\/halmstad\/news\/elevintervju-elin\/#breadcrumb","itemListElement":[{"@type":"ListItem","position":1,"name":"Start","item":"https:\/\/lbs.se\/halmstad"},{"@type":"ListItem","position":2,"name":"Nyheter"}]},{"@type":"WebSite","@id":"https:\/\/lbs.se\/halmstad\/#website","url":"https:\/\/lbs.se\/halmstad\/","name":"Halmstad","description":"LBS Kreativa Gymnasiet","potentialAction":[{"@type":"SearchAction","target":{"@type":"EntryPoint","urlTemplate":"https:\/\/lbs.se\/halmstad\/?s={search_term_string}"},"query-input":"required name=search_term_string"}],"inLanguage":"sv-SE"}]}},"_links":{"self":[{"href":"https:\/\/lbs.se\/halmstad\/wp-json\/wp\/v2\/article\/1939"}],"collection":[{"href":"https:\/\/lbs.se\/halmstad\/wp-json\/wp\/v2\/article"}],"about":[{"href":"https:\/\/lbs.se\/halmstad\/wp-json\/wp\/v2\/types\/article"}],"wp:attachment":[{"href":"https:\/\/lbs.se\/halmstad\/wp-json\/wp\/v2\/media?parent=1939"}],"wp:term":[{"taxonomy":"article_category","embeddable":true,"href":"https:\/\/lbs.se\/halmstad\/wp-json\/wp\/v2\/article_category?post=1939"}],"curies":[{"name":"wp","href":"https:\/\/api.w.org\/{rel}","templated":true}]}}